{"id":9793,"date":"2024-06-05T18:53:34","date_gmt":"2024-06-05T18:53:34","guid":{"rendered":"https:\/\/thelatin.news\/los-emiratos-arabes-unidos-eligio-a-francia-como-socio-en-ia-tras-el-acuerdo-con-microsoft\/"},"modified":"2024-06-05T18:53:34","modified_gmt":"2024-06-05T18:53:34","slug":"los-emiratos-arabes-unidos-eligio-a-francia-como-socio-en-ia-tras-el-acuerdo-con-microsoft","status":"publish","type":"post","link":"https:\/\/thelatin.news\/ro\/los-emiratos-arabes-unidos-eligio-a-francia-como-socio-en-ia-tras-el-acuerdo-con-microsoft\/","title":{"rendered":"Los Emiratos \u00c1rabes Unidos eligi\u00f3 a Francia como socio en IA tras el acuerdo con Microsoft"},"content":{"rendered":"<p> <br \/>\n<\/p>\n<div>\n<div class=\"amp_visual_image \"><amp-img alt=\"El plan incluye inversi\u00f3n en centros de datos y el desarrollo de infraestructuras tecnol\u00f3gicas, buscando maximizar los usos pr\u00e1cticos en sectores como energ\u00eda limpia y salud. (Composici\u00f3n Infobae)\" height=\"1080\" width=\"1920\" class=\"\" src=\"https:\/\/www.infobae.com\/new-resizer\/ONpzCFtZMTKWN4As9kMM095JLmg=\/arc-anglerfish-arc2-prod-infobae\/public\/2AKJLWCFGVEGJHGXDAKR2DL23Y.jpg\" data-amp-auto-lightbox-disable=\"true\" data-hero=\"true\" layout=\"responsive\"\/><figcaption class=\"article-figcaption-img-amp\">El plan incluye inversi\u00f3n en centros de datos y el desarrollo de infraestructuras tecnol\u00f3gicas, buscando maximizar los usos pr\u00e1cticos en sectores como energ\u00eda limpia y salud. (Composici\u00f3n Infobae)<\/figcaption><\/div>\n<p class=\"paragraph\">Los <a href=\"https:\/\/www.infobae.com\/tag\/emiratos-arabes-unidos\/\" rel=\"noopener noreferrer\" target=\"_blank\">Emiratos \u00c1rabes Unidos<\/a> y <a href=\"https:\/\/www.infobae.com\/tag\/francia\/\" rel=\"noopener noreferrer\" target=\"_blank\">Francia <\/a>han acordado colaborar en el desarrollo de la<a href=\"https:\/\/www.infobae.com\/tag\/inteligencia-artificial\/\" rel=\"noopener noreferrer\" target=\"_blank\"> inteligencia artificial<\/a> para convertirse en centros regionales de esta tecnolog\u00eda, despu\u00e9s de que<b> Abu Dhabi <\/b>cerrara un acuerdo de inversi\u00f3n hist\u00f3rico con el gigante estadounidense del software <a href=\"https:\/\/www.infobae.com\/tag\/microsoft\/\" rel=\"noopener noreferrer\" target=\"_blank\">Microsoft Corp<\/a>.<\/p>\n<p class=\"paragraph\"><b>Francia<\/b> y los<b> EAU<\/b> se han comprometido a invertir juntos en talento, centros de datos, incluida la computaci\u00f3n cu\u00e1ntica, y semiconductores, seg\u00fan&#8230;<\/p>\n<\/div>\n<p><br \/>\n<br \/><a href=\"https:\/\/www.infobae.com\/wapo\/2024\/05\/23\/los-emiratos-arabes-unidos-eligio-a-francia-como-socio-en-ia-tras-el-acuerdo-con-microsoft\/?outputType=amp-type\">surs\u0103<\/a><\/p>\n","protected":false},"excerpt":{"rendered":"<p>El plan incluye inversi\u00f3n en centros de datos y el desarrollo de infraestructuras tecnol\u00f3gicas, buscando maximizar los usos pr\u00e1cticos en sectores como energ\u00eda limpia y salud. (Composici\u00f3n Infobae) Los Emiratos \u00c1rabes Unidos y Francia han acordado colaborar en el desarrollo de la inteligencia artificial para convertirse en centros regionales de esta tecnolog\u00eda, despu\u00e9s de que [&hellip;]<\/p>\n","protected":false},"author":1,"featured_media":0,"comment_status":"closed","ping_status":"closed","sticky":false,"template":"","format":"standard","meta":{"footnotes":""},"categories":[3299,3283,3307,3290],"tags":[],"class_list":{"0":"post-9793","1":"post","2":"type-post","3":"status-publish","4":"format-standard","6":"category-france-es","7":"category-france-ro","8":"category-technology-es","9":"category-technology-ro"},"_links":{"self":[{"href":"https:\/\/thelatin.news\/ro\/wp-json\/wp\/v2\/posts\/9793","targetHints":{"allow":["GET"]}}],"collection":[{"href":"https:\/\/thelatin.news\/ro\/wp-json\/wp\/v2\/posts"}],"about":[{"href":"https:\/\/thelatin.news\/ro\/wp-json\/wp\/v2\/types\/post"}],"author":[{"embeddable":true,"href":"https:\/\/thelatin.news\/ro\/wp-json\/wp\/v2\/users\/1"}],"replies":[{"embeddable":true,"href":"https:\/\/thelatin.news\/ro\/wp-json\/wp\/v2\/comments?post=9793"}],"version-history":[{"count":0,"href":"https:\/\/thelatin.news\/ro\/wp-json\/wp\/v2\/posts\/9793\/revisions"}],"wp:attachment":[{"href":"https:\/\/thelatin.news\/ro\/wp-json\/wp\/v2\/media?parent=9793"}],"wp:term":[{"taxonomy":"category","embeddable":true,"href":"https:\/\/thelatin.news\/ro\/wp-json\/wp\/v2\/categories?post=9793"},{"taxonomy":"post_tag","embeddable":true,"href":"https:\/\/thelatin.news\/ro\/wp-json\/wp\/v2\/tags?post=9793"}],"curies":[{"name":"wp","href":"https:\/\/api.w.org\/{rel}","templated":true}]}}