{"id":9565,"date":"2024-06-05T18:21:52","date_gmt":"2024-06-05T18:21:52","guid":{"rendered":"https:\/\/thelatin.news\/festivalul-martisor-va-gazdui-un-concert-de-muzica-electronica\/"},"modified":"2024-06-05T18:21:52","modified_gmt":"2024-06-05T18:21:52","slug":"festivalul-martisor-va-gazdui-un-concert-de-muzica-electronica","status":"publish","type":"post","link":"https:\/\/thelatin.news\/ro\/festivalul-martisor-va-gazdui-un-concert-de-muzica-electronica\/","title":{"rendered":"Festivalul M\u0103r\u021bi\u0219or va g\u0103zdui un concert de muzic\u0103 electronic\u0103"},"content":{"rendered":"<p> <br \/>\n<\/p>\n<p>Festivalul M\u0103r\u021bi\u0219or, desf\u0103\u0219urat tradi\u021bional \u00een luna martie \u00een Republica Moldova, va g\u0103zdui \u00een premier\u0103 un concert de muzic\u0103 electronic\u0103 \u00een 2024. Evenimentul va avea loc la Arena Chi\u0219in\u0103u. <\/p>\n<div data-testid=\"text-content\">\n<p>Anun\u021bul a fost f\u0103cut de ministrul Culturii, Sergiu Prodan. Concertul \u201eElectric Spring\u201d se va desf\u0103\u0219ura pe 1 martie, dup\u0103 inaugurarea oficial\u0103 a evenimentului, transmite <b>\u0218tiri.md<\/b> cu referire la <a href=\"https:\/\/realitatea.md\/video-festivalul-martisor-tine-pasul-cu-tendintele-moderne-va-gazdui-un-concert-de-muzica-electronica\/\" rel=\"nofollow noopener\" target=\"_blank\">realitatea.md<\/a>.<\/p>\n<p>\u00cenc\u0103 o premier\u0103 \u00een acest an este c\u0103, \u00een cadrul festivalului, actorii de la Teatrul Na\u021bional Mihai Eminescu vor merge \u00eentr-un turneu european cu spectacolul \u201eSteaua f\u0103r\u0103 nume\u201d. Potrivit lui Sergiu Prodan, piesa&#8230;<\/p>\n<\/div>\n<p><br \/>\n<br \/><a href=\"https:\/\/stiri.md\/article\/social\/festivalul-martisor-va-gazdui-un-concert-de-muzica-electronica\">surs\u0103<\/a><\/p>\n","protected":false},"excerpt":{"rendered":"<p>Festivalul M\u0103r\u021bi\u0219or, desf\u0103\u0219urat tradi\u021bional \u00een luna martie \u00een Republica Moldova, va g\u0103zdui \u00een premier\u0103 un concert de muzic\u0103 electronic\u0103 \u00een 2024. Evenimentul va avea loc la Arena Chi\u0219in\u0103u. Anun\u021bul a fost f\u0103cut de ministrul Culturii, Sergiu Prodan. Concertul \u201eElectric Spring\u201d se va desf\u0103\u0219ura pe 1 martie, dup\u0103 inaugurarea oficial\u0103 a evenimentului, transmite \u0218tiri.md cu referire [&hellip;]<\/p>\n","protected":false},"author":1,"featured_media":0,"comment_status":"closed","ping_status":"closed","sticky":false,"template":"","format":"standard","meta":{"footnotes":""},"categories":[3282,3287],"tags":[],"class_list":{"0":"post-9565","1":"post","2":"type-post","3":"status-publish","4":"format-standard","6":"category-entertainment-ro","7":"category-portugal-ro"},"_links":{"self":[{"href":"https:\/\/thelatin.news\/ro\/wp-json\/wp\/v2\/posts\/9565","targetHints":{"allow":["GET"]}}],"collection":[{"href":"https:\/\/thelatin.news\/ro\/wp-json\/wp\/v2\/posts"}],"about":[{"href":"https:\/\/thelatin.news\/ro\/wp-json\/wp\/v2\/types\/post"}],"author":[{"embeddable":true,"href":"https:\/\/thelatin.news\/ro\/wp-json\/wp\/v2\/users\/1"}],"replies":[{"embeddable":true,"href":"https:\/\/thelatin.news\/ro\/wp-json\/wp\/v2\/comments?post=9565"}],"version-history":[{"count":0,"href":"https:\/\/thelatin.news\/ro\/wp-json\/wp\/v2\/posts\/9565\/revisions"}],"wp:attachment":[{"href":"https:\/\/thelatin.news\/ro\/wp-json\/wp\/v2\/media?parent=9565"}],"wp:term":[{"taxonomy":"category","embeddable":true,"href":"https:\/\/thelatin.news\/ro\/wp-json\/wp\/v2\/categories?post=9565"},{"taxonomy":"post_tag","embeddable":true,"href":"https:\/\/thelatin.news\/ro\/wp-json\/wp\/v2\/tags?post=9565"}],"curies":[{"name":"wp","href":"https:\/\/api.w.org\/{rel}","templated":true}]}}