{"id":9508,"date":"2024-06-05T18:20:17","date_gmt":"2024-06-05T18:20:17","guid":{"rendered":"https:\/\/thelatin.news\/la-tecnologia-aliat-de-valor-per-millorar-la-vida-dels-pacients-amb-malalties-neurodegene\/"},"modified":"2024-06-05T18:20:17","modified_gmt":"2024-06-05T18:20:17","slug":"la-tecnologia-aliat-de-valor-per-millorar-la-vida-dels-pacients-amb-malalties-neurodegene","status":"publish","type":"post","link":"https:\/\/thelatin.news\/ro\/la-tecnologia-aliat-de-valor-per-millorar-la-vida-dels-pacients-amb-malalties-neurodegene\/","title":{"rendered":"La tecnologia, aliat de valor per millorar la vida dels pacients amb malalties neurodegene&#8230;"},"content":{"rendered":"<p> <br \/>\n<\/p>\n<div>\n<p style=\"text-align: justify;\">De les malalties neurodegeneratives es diu, i amb ra\u00f3, que s\u00f3n el gran problema sanitari del segle XXI. Nom\u00e9s a Espanya, es calcula que hi ha m\u00e9s 160.000 persones afectades per <strong><a data-external=\"0\" data-intl-links-ca=\"https:\/\/www.elnacional.cat\/ca\/salut\/generen-model-animal-estudiar-parkinson-abans-apareguin-simptomes_1171258_102.html\" data-intl-links-es=\"https:\/\/www.elnacional.cat\/es\/salud\/generan-modelo-animal-estudiar-parkinson-antes-aparezcan-sintomas_1171258_102.html\" href=\"https:\/\/www.elnacional.cat\/ca\/salut\/generen-model-animal-estudiar-parkinson-abans-apareguin-simptomes_1171258_102.html\" rel=\"follow noopener\" target=\"_self\" title=\"Generen un model animal per estudiar el Parkinson abans que apareguin s\u00edmptomes\">parkinson<\/a><\/strong> i els malalts <strong><a data-external=\"0\" data-intl-links-ca=\"https:\/\/www.elnacional.cat\/ca\/societat\/estudi-revela-primers-casos-transmissio-accidental-alzheimer_1151841_102.html\" data-intl-links-es=\"https:\/\/www.elnacional.cat\/es\/sociedad\/estudio-revela-primeros-casos-transmision-accidental-alzheimer_1151841_102.html\" href=\"https:\/\/www.elnacional.cat\/ca\/societat\/estudi-revela-primers-casos-transmissio-accidental-alzheimer_1151841_102.html\" rel=\"follow noopener\" target=\"_self\" title=\"Un estudi revela els primers casos de transmissi\u00f3 accidental de l'Alzheimer\">d&#8217;alzheimer<\/a> <\/strong>s\u00f3n 800.000 afectats. D&#8217;ells, un 30% no est\u00e0 diagnosticat. Per millorar l&#8217;estil de vida d&#8217;aquest prop d&#8217;un mili\u00f3 de persones, la tecnologia \u00e9s un aliat de valor.<\/p>\n<figure class=\"c-media c-media--image\" data-ck-asset-wrapper=\"\">&#13;<br \/>\n&#13;<br \/>\n&#13;<figcaption class=\"c-media__caption\">&#13;<\/p>\n<p style=\"text-align: justify;\">\u00a0<\/p>\n<p>&#13;<br \/>\n<\/figcaption>&#13;<br \/>\n<\/figure>\n<h2 style=\"text-align: justify;\"><strong>Monitoratge<\/strong><\/h2>\n<p style=\"text-align: justify;\">Un exemple de com poden ajudar les tecnologies a aquests pacients el brinda l&#8217;Escola T\u00e8cnica Superior d&#8217;Enginyers de Telecomunicaci\u00f3 (ETSIT) de la Polit\u00e8cnica de Madrid. All\u00e0,&#8230;<\/p>\n<\/div>\n<p><br \/>\n<br \/><a href=\"https:\/\/www.elnacional.cat\/ca\/tecnologia\/tecnologia-aliat-valor-millorar-vida-pacients-malalties-neurodegene_1177791_102.html\">surs\u0103<\/a><\/p>\n","protected":false},"excerpt":{"rendered":"<p>De les malalties neurodegeneratives es diu, i amb ra\u00f3, que s\u00f3n el gran problema sanitari del segle XXI. Nom\u00e9s a Espanya, es calcula que hi ha m\u00e9s 160.000 persones afectades per parkinson i els malalts d&#8217;alzheimer s\u00f3n 800.000 afectats. D&#8217;ells, un 30% no est\u00e0 diagnosticat. Per millorar l&#8217;estil de vida d&#8217;aquest prop d&#8217;un mili\u00f3 de [&hellip;]<\/p>\n","protected":false},"author":1,"featured_media":0,"comment_status":"closed","ping_status":"closed","sticky":false,"template":"","format":"standard","meta":{"footnotes":""},"categories":[3289,3290],"tags":[],"class_list":{"0":"post-9508","1":"post","2":"type-post","3":"status-publish","4":"format-standard","6":"category-spain-ro","7":"category-technology-ro"},"_links":{"self":[{"href":"https:\/\/thelatin.news\/ro\/wp-json\/wp\/v2\/posts\/9508","targetHints":{"allow":["GET"]}}],"collection":[{"href":"https:\/\/thelatin.news\/ro\/wp-json\/wp\/v2\/posts"}],"about":[{"href":"https:\/\/thelatin.news\/ro\/wp-json\/wp\/v2\/types\/post"}],"author":[{"embeddable":true,"href":"https:\/\/thelatin.news\/ro\/wp-json\/wp\/v2\/users\/1"}],"replies":[{"embeddable":true,"href":"https:\/\/thelatin.news\/ro\/wp-json\/wp\/v2\/comments?post=9508"}],"version-history":[{"count":0,"href":"https:\/\/thelatin.news\/ro\/wp-json\/wp\/v2\/posts\/9508\/revisions"}],"wp:attachment":[{"href":"https:\/\/thelatin.news\/ro\/wp-json\/wp\/v2\/media?parent=9508"}],"wp:term":[{"taxonomy":"category","embeddable":true,"href":"https:\/\/thelatin.news\/ro\/wp-json\/wp\/v2\/categories?post=9508"},{"taxonomy":"post_tag","embeddable":true,"href":"https:\/\/thelatin.news\/ro\/wp-json\/wp\/v2\/tags?post=9508"}],"curies":[{"name":"wp","href":"https:\/\/api.w.org\/{rel}","templated":true}]}}