{"id":9491,"date":"2024-06-05T18:19:58","date_gmt":"2024-06-05T18:19:58","guid":{"rendered":"https:\/\/thelatin.news\/primavera-sound-se-intoarce-la-porto\/"},"modified":"2024-06-05T18:19:58","modified_gmt":"2024-06-05T18:19:58","slug":"primavera-sound-se-intoarce-la-porto","status":"publish","type":"post","link":"https:\/\/thelatin.news\/ro\/primavera-sound-se-intoarce-la-porto\/","title":{"rendered":"Primavera Sound se \u00eentoarce la Porto"},"content":{"rendered":"<p> <br \/>\n<\/p>\n<div>\n<p>\u00cen cea de-a 11-a edi\u021bie a Primavera Sound Porto, directorul festivalului, Jos\u00e9 Barreiro, eviden\u021biaz\u0103 din componen\u021b\u0103, \u00een primul r\u00e2nd, revenirea Lanei Del Rey pe scena na\u021bional\u0103. \u201eBiletele pentru acea zi au fost epuizate de mai bine de o lun\u0103, tot din cauza Justi\u021biei\u201d, a spus el \u00eentr-o declara\u021bie adresat\u0103 lui Lusa<\/p>\n<p>. <\/p>\n<p>C\u00e2nt\u0103rea\u021ba american\u0103, care va lansa un nou album \u00een septembrie, \u0219i duo-ul francez c\u00e2nt\u0103 vineri, o zi care include \u0219i Lambchop, The Last Dinner Party, Wolf Eyes, The Legendary Tigerman, Classe Crua \u0219i Samuel \u00daria, printre altele.<\/p>\n<p>Jos\u00e9 Barreiro a reamintit c\u0103 reunirea \u201earti\u0219tilor consacra\u021bi cu&#8230;<\/p>\n<\/div>\n<p><br \/>\n<br \/><a href=\"https:\/\/www.theportugalnews.com\/ro\/stiri\/2024-06-03\/primavera-sound-se-intoarce-la-porto\/89428\">surs\u0103<\/a><\/p>\n","protected":false},"excerpt":{"rendered":"<p>\u00cen cea de-a 11-a edi\u021bie a Primavera Sound Porto, directorul festivalului, Jos\u00e9 Barreiro, eviden\u021biaz\u0103 din componen\u021b\u0103, \u00een primul r\u00e2nd, revenirea Lanei Del Rey pe scena na\u021bional\u0103. \u201eBiletele pentru acea zi au fost epuizate de mai bine de o lun\u0103, tot din cauza Justi\u021biei\u201d, a spus el \u00eentr-o declara\u021bie adresat\u0103 lui Lusa . C\u00e2nt\u0103rea\u021ba american\u0103, care [&hellip;]<\/p>\n","protected":false},"author":1,"featured_media":0,"comment_status":"closed","ping_status":"closed","sticky":false,"template":"","format":"standard","meta":{"footnotes":""},"categories":[3282,3287],"tags":[],"class_list":{"0":"post-9491","1":"post","2":"type-post","3":"status-publish","4":"format-standard","6":"category-entertainment-ro","7":"category-portugal-ro"},"_links":{"self":[{"href":"https:\/\/thelatin.news\/ro\/wp-json\/wp\/v2\/posts\/9491","targetHints":{"allow":["GET"]}}],"collection":[{"href":"https:\/\/thelatin.news\/ro\/wp-json\/wp\/v2\/posts"}],"about":[{"href":"https:\/\/thelatin.news\/ro\/wp-json\/wp\/v2\/types\/post"}],"author":[{"embeddable":true,"href":"https:\/\/thelatin.news\/ro\/wp-json\/wp\/v2\/users\/1"}],"replies":[{"embeddable":true,"href":"https:\/\/thelatin.news\/ro\/wp-json\/wp\/v2\/comments?post=9491"}],"version-history":[{"count":0,"href":"https:\/\/thelatin.news\/ro\/wp-json\/wp\/v2\/posts\/9491\/revisions"}],"wp:attachment":[{"href":"https:\/\/thelatin.news\/ro\/wp-json\/wp\/v2\/media?parent=9491"}],"wp:term":[{"taxonomy":"category","embeddable":true,"href":"https:\/\/thelatin.news\/ro\/wp-json\/wp\/v2\/categories?post=9491"},{"taxonomy":"post_tag","embeddable":true,"href":"https:\/\/thelatin.news\/ro\/wp-json\/wp\/v2\/tags?post=9491"}],"curies":[{"name":"wp","href":"https:\/\/api.w.org\/{rel}","templated":true}]}}