{"id":9467,"date":"2024-06-05T18:14:47","date_gmt":"2024-06-05T18:14:47","guid":{"rendered":"https:\/\/thelatin.news\/cat-dureaza-si-cat-costa-cea-mai-lunga-calatorie-cu-autocarul-din-lume-strabate-22-de-tari-din-europa\/"},"modified":"2024-06-05T18:14:47","modified_gmt":"2024-06-05T18:14:47","slug":"cat-dureaza-si-cat-costa-cea-mai-lunga-calatorie-cu-autocarul-din-lume-strabate-22-de-tari-din-europa","status":"publish","type":"post","link":"https:\/\/thelatin.news\/ro\/cat-dureaza-si-cat-costa-cea-mai-lunga-calatorie-cu-autocarul-din-lume-strabate-22-de-tari-din-europa\/","title":{"rendered":"C\u00e2t dureaz\u0103 \u0219i c\u00e2t cost\u0103 cea mai lung\u0103 c\u0103l\u0103torie cu autocarul din lume. Str\u0103bate 22 de \u021b\u0103ri din Europa"},"content":{"rendered":"<p> <br \/>\n<\/p>\n<p>\n\t\t\u00cen cur\u00e2nd va fi lansat\u0103 cea mai lung\u0103 c\u0103l\u0103torie cu autocarul din lume. Turi\u0219tii vor vizita 22 de \u021b\u0103ri \u00een aceast\u0103 expedi\u021bie.&#13;<br \/>\n\u00a0\n\t<\/p>\n<div>\n<p>\u00cen c\u0103l\u0103toria de 12.000 de kilometri vor pleca 30 de turi\u0219ti care vor vizita 22 de \u021b\u0103ri \u00een aproape dou\u0103 luni.<\/p>\n<p>C\u0103l\u0103toria cu autocarul pe care o preg\u0103te\u0219te firma indian\u0103 de turism Adventures Overland va \u00eencepe \u00een august \u00een Istanbul \u0219i va continua prin Balcani, Europa de Est, Scandinavia \u0219i vestul Europei. Destina\u021bia final\u0103 este Londra.<\/p>\n<p>Aventura de 56 de zile \u201eBus to London\u201d include traversarea cu feribotul prin Golful Finlandei, o vizit\u0103 la Nordkapp, cel mai nordic&#8230;<\/p>\n<\/div>\n<p><br \/>\n<br \/><a href=\"https:\/\/stirileprotv.ro\/amp\/stiri\/travel\/cat-dureaza-si-cat-costa-cea-mai-lunga-calatorie-cu-autocarul-din-lume-strabate-22-de-tari-din-europa.html\">surs\u0103<\/a><\/p>\n","protected":false},"excerpt":{"rendered":"<p>\u00cen cur\u00e2nd va fi lansat\u0103 cea mai lung\u0103 c\u0103l\u0103torie cu autocarul din lume. Turi\u0219tii vor vizita 22 de \u021b\u0103ri \u00een aceast\u0103 expedi\u021bie.&#13; \u00a0 \u00cen c\u0103l\u0103toria de 12.000 de kilometri vor pleca 30 de turi\u0219ti care vor vizita 22 de \u021b\u0103ri \u00een aproape dou\u0103 luni. C\u0103l\u0103toria cu autocarul pe care o preg\u0103te\u0219te firma indian\u0103 de turism [&hellip;]<\/p>\n","protected":false},"author":1,"featured_media":0,"comment_status":"closed","ping_status":"closed","sticky":false,"template":"","format":"standard","meta":{"footnotes":""},"categories":[3283,3292],"tags":[],"class_list":{"0":"post-9467","1":"post","2":"type-post","3":"status-publish","4":"format-standard","6":"category-france-ro","7":"category-travel-ro"},"_links":{"self":[{"href":"https:\/\/thelatin.news\/ro\/wp-json\/wp\/v2\/posts\/9467","targetHints":{"allow":["GET"]}}],"collection":[{"href":"https:\/\/thelatin.news\/ro\/wp-json\/wp\/v2\/posts"}],"about":[{"href":"https:\/\/thelatin.news\/ro\/wp-json\/wp\/v2\/types\/post"}],"author":[{"embeddable":true,"href":"https:\/\/thelatin.news\/ro\/wp-json\/wp\/v2\/users\/1"}],"replies":[{"embeddable":true,"href":"https:\/\/thelatin.news\/ro\/wp-json\/wp\/v2\/comments?post=9467"}],"version-history":[{"count":0,"href":"https:\/\/thelatin.news\/ro\/wp-json\/wp\/v2\/posts\/9467\/revisions"}],"wp:attachment":[{"href":"https:\/\/thelatin.news\/ro\/wp-json\/wp\/v2\/media?parent=9467"}],"wp:term":[{"taxonomy":"category","embeddable":true,"href":"https:\/\/thelatin.news\/ro\/wp-json\/wp\/v2\/categories?post=9467"},{"taxonomy":"post_tag","embeddable":true,"href":"https:\/\/thelatin.news\/ro\/wp-json\/wp\/v2\/tags?post=9467"}],"curies":[{"name":"wp","href":"https:\/\/api.w.org\/{rel}","templated":true}]}}