{"id":9464,"date":"2024-06-05T18:14:45","date_gmt":"2024-06-05T18:14:45","guid":{"rendered":"https:\/\/thelatin.news\/sa-vorbim-despre-dieta-mediteraneana\/"},"modified":"2024-06-05T18:14:45","modified_gmt":"2024-06-05T18:14:45","slug":"sa-vorbim-despre-dieta-mediteraneana","status":"publish","type":"post","link":"https:\/\/thelatin.news\/ro\/sa-vorbim-despre-dieta-mediteraneana\/","title":{"rendered":"S\u0103 vorbim despre dieta mediteranean\u0103"},"content":{"rendered":"<p> <br \/>\n<\/p>\n<div>\n<p>Dietamediteranean\u0103 inovatoare ar trebui explorat\u0103 pentru a contribui la stimularea economiei Algarve, \u00een domenii precum cultura, s\u0103n\u0103tatea \u0219i alimenta\u021bia, a sus\u021binut pre\u0219edintele Comisiei pentru dezvoltare regional\u0103 din Algarve la 9 septembrie. <\/p>\n<p>Jos\u00e9Apolin\u00e1rio a participat la 9 septembrie la Seminarul privind s\u0103n\u0103tatea, alimenta\u021bia \u0219i dieta mediteranean\u0103, la Tavira, unde a spus c\u0103 termenul mediteranean a fost discutat dintr-o \u201elatur\u0103 cultural\u0103\u201d, dar c\u0103 este necesar, \u00een acela\u0219i timp, s\u0103 \u201esubliniem problema s\u0103n\u0103t\u0103\u021bii \u0219i alimentelor\u201d, \u00een timp ce, de asemenea, stimularea turismului. <\/p>\n<p>\u201eAm vorbit despre&#8230;<\/p>\n<\/div>\n<p><br \/>\n<br \/><a href=\"https:\/\/www.theportugalnews.com\/ro\/stiri\/2022-09-11\/sa-vorbim-despre-dieta-mediteraneana\/70171\">surs\u0103<\/a><\/p>\n","protected":false},"excerpt":{"rendered":"<p>Dietamediteranean\u0103 inovatoare ar trebui explorat\u0103 pentru a contribui la stimularea economiei Algarve, \u00een domenii precum cultura, s\u0103n\u0103tatea \u0219i alimenta\u021bia, a sus\u021binut pre\u0219edintele Comisiei pentru dezvoltare regional\u0103 din Algarve la 9 septembrie. Jos\u00e9Apolin\u00e1rio a participat la 9 septembrie la Seminarul privind s\u0103n\u0103tatea, alimenta\u021bia \u0219i dieta mediteranean\u0103, la Tavira, unde a spus c\u0103 termenul mediteranean a fost [&hellip;]<\/p>\n","protected":false},"author":1,"featured_media":0,"comment_status":"closed","ping_status":"closed","sticky":false,"template":"","format":"standard","meta":{"footnotes":""},"categories":[3285,3287],"tags":[],"class_list":{"0":"post-9464","1":"post","2":"type-post","3":"status-publish","4":"format-standard","6":"category-lifestyle-ro","7":"category-portugal-ro"},"_links":{"self":[{"href":"https:\/\/thelatin.news\/ro\/wp-json\/wp\/v2\/posts\/9464","targetHints":{"allow":["GET"]}}],"collection":[{"href":"https:\/\/thelatin.news\/ro\/wp-json\/wp\/v2\/posts"}],"about":[{"href":"https:\/\/thelatin.news\/ro\/wp-json\/wp\/v2\/types\/post"}],"author":[{"embeddable":true,"href":"https:\/\/thelatin.news\/ro\/wp-json\/wp\/v2\/users\/1"}],"replies":[{"embeddable":true,"href":"https:\/\/thelatin.news\/ro\/wp-json\/wp\/v2\/comments?post=9464"}],"version-history":[{"count":0,"href":"https:\/\/thelatin.news\/ro\/wp-json\/wp\/v2\/posts\/9464\/revisions"}],"wp:attachment":[{"href":"https:\/\/thelatin.news\/ro\/wp-json\/wp\/v2\/media?parent=9464"}],"wp:term":[{"taxonomy":"category","embeddable":true,"href":"https:\/\/thelatin.news\/ro\/wp-json\/wp\/v2\/categories?post=9464"},{"taxonomy":"post_tag","embeddable":true,"href":"https:\/\/thelatin.news\/ro\/wp-json\/wp\/v2\/tags?post=9464"}],"curies":[{"name":"wp","href":"https:\/\/api.w.org\/{rel}","templated":true}]}}