{"id":9443,"date":"2024-06-05T18:14:26","date_gmt":"2024-06-05T18:14:26","guid":{"rendered":"https:\/\/thelatin.news\/plamanii-pentru-viata-ziua-mondiala-a-bpoc-2022\/"},"modified":"2024-06-05T18:14:26","modified_gmt":"2024-06-05T18:14:26","slug":"plamanii-pentru-viata-ziua-mondiala-a-bpoc-2022","status":"publish","type":"post","link":"https:\/\/thelatin.news\/ro\/plamanii-pentru-viata-ziua-mondiala-a-bpoc-2022\/","title":{"rendered":"Pl\u0103m\u00e2nii pentru via\u021b\u0103: Ziua Mondial\u0103 a BPOC 2022"},"content":{"rendered":"<p> <br \/>\n<\/p>\n<div>\n<p class=\"DropCapBodyCopy\"><span lang=\"EN-GB\">BPOC este un tip de progresiv care poate fi prevenit \u0219i tratabil&#13;<br \/>\nboal\u0103 pulmonar\u0103 care se caracterizeaz\u0103 prin simptome respiratorii pe termen lung \u0219i&#13;<br \/>\nlimitarea fluxului de aer. Principalele sale simptome includ scurtarea respira\u021biei \u0219i tusea,&#13;<br \/>\n\u0219i posibila produc\u021bie cronic\u0103 a sputei. Este o boal\u0103 progresiv\u0103 care se agraveaz\u0103&#13;<br \/>\n\u00een timp, f\u0103c\u00e2nd din ce \u00een ce mai multe activit\u0103\u021bi de zi cu zi, cum ar fi mersul pe jos&#13;<br \/>\ndificil. <o:p\/><\/span><\/p>\n<p class=\"Body-NoIndentBodyCopy\"><span lang=\"EN-GB\">BPOC continu\u0103 s\u0103 fie un important&#13;<br \/>\nproblem\u0103 de s\u0103n\u0103tate public\u0103 din cauza prevalen\u021bei sale ridicate, cre\u0219terea inciden\u021bei,&#13;<br \/>\nmortalitate considerabil\u0103 \u0219i costuri sociale \u0219i economice&#8230;<\/span><\/p>\n<\/div>\n<p><br \/>\n<br \/><a href=\"https:\/\/www.theportugalnews.com\/ro\/stiri\/2022-11-25\/plamanii-pentru-viaa-ziua-mondiala-a-bpoc-2022\/72341\">surs\u0103<\/a><\/p>\n","protected":false},"excerpt":{"rendered":"<p>BPOC este un tip de progresiv care poate fi prevenit \u0219i tratabil&#13; boal\u0103 pulmonar\u0103 care se caracterizeaz\u0103 prin simptome respiratorii pe termen lung \u0219i&#13; limitarea fluxului de aer. Principalele sale simptome includ scurtarea respira\u021biei \u0219i tusea,&#13; \u0219i posibila produc\u021bie cronic\u0103 a sputei. Este o boal\u0103 progresiv\u0103 care se agraveaz\u0103&#13; \u00een timp, f\u0103c\u00e2nd din ce \u00een [&hellip;]<\/p>\n","protected":false},"author":1,"featured_media":0,"comment_status":"closed","ping_status":"closed","sticky":false,"template":"","format":"standard","meta":{"footnotes":""},"categories":[3285,3287],"tags":[],"class_list":{"0":"post-9443","1":"post","2":"type-post","3":"status-publish","4":"format-standard","6":"category-lifestyle-ro","7":"category-portugal-ro"},"_links":{"self":[{"href":"https:\/\/thelatin.news\/ro\/wp-json\/wp\/v2\/posts\/9443","targetHints":{"allow":["GET"]}}],"collection":[{"href":"https:\/\/thelatin.news\/ro\/wp-json\/wp\/v2\/posts"}],"about":[{"href":"https:\/\/thelatin.news\/ro\/wp-json\/wp\/v2\/types\/post"}],"author":[{"embeddable":true,"href":"https:\/\/thelatin.news\/ro\/wp-json\/wp\/v2\/users\/1"}],"replies":[{"embeddable":true,"href":"https:\/\/thelatin.news\/ro\/wp-json\/wp\/v2\/comments?post=9443"}],"version-history":[{"count":0,"href":"https:\/\/thelatin.news\/ro\/wp-json\/wp\/v2\/posts\/9443\/revisions"}],"wp:attachment":[{"href":"https:\/\/thelatin.news\/ro\/wp-json\/wp\/v2\/media?parent=9443"}],"wp:term":[{"taxonomy":"category","embeddable":true,"href":"https:\/\/thelatin.news\/ro\/wp-json\/wp\/v2\/categories?post=9443"},{"taxonomy":"post_tag","embeddable":true,"href":"https:\/\/thelatin.news\/ro\/wp-json\/wp\/v2\/tags?post=9443"}],"curies":[{"name":"wp","href":"https:\/\/api.w.org\/{rel}","templated":true}]}}