{"id":9382,"date":"2024-06-05T18:04:02","date_gmt":"2024-06-05T18:04:02","guid":{"rendered":"https:\/\/thelatin.news\/competitia-destinatia-anului-2024-se-extinde-si-in-republica-moldova\/"},"modified":"2024-06-05T18:04:02","modified_gmt":"2024-06-05T18:04:02","slug":"competitia-destinatia-anului-2024-se-extinde-si-in-republica-moldova","status":"publish","type":"post","link":"https:\/\/thelatin.news\/ro\/competitia-destinatia-anului-2024-se-extinde-si-in-republica-moldova\/","title":{"rendered":"Competi\u021bia Destina\u021bia Anului 2024 se extinde \u0219i \u00een Republica Moldova"},"content":{"rendered":"<p> <br \/>\n<\/p>\n<div id=\"\">\n<p>Destina\u021bia Anului, cel mai important<br \/>\nproiect de promovare a destina\u021biilor turistice din Rom\u00e2nia, anun\u021b\u0103 \u00een premier\u0103<br \/>\nextinderea competi\u021biei din 2024 \u0219i \u00een Republica Moldova.<\/p>\n<p>          <amp-img layout=\"responsive\" width=\"650\" height=\"366\" src=\"https:\/\/cdn.adh.reperio.news\/image-d\/d3b5ca86-e5e4-4106-b7ed-37f42662c5a3\/index.jpeg?p=w%3D650%26f%3Dwebp%26q%3D91\" class=\"svelte-1arpec\"><amp-img alt=\"Content image\" fallback=\"\" width=\"650\" height=\"366\" src=\"https:\/\/cdn.adh.reperio.news\/image-d\/d3b5ca86-e5e4-4106-b7ed-37f42662c5a3\/index.jpeg?p=w%3D650%26f%3Dpng%26q%3D91\" class=\"svelte-1arpec\"\/><\/amp-img><\/p>\n<p>Competi\u021bia Destina\u021bia Anului 2024 se extinde \u0219i \u00een Republica Moldova<\/p>\n<p>Competi\u021bia<br \/>\nDestina\u021bia Anului se extinde \u0219i \u00een Republica Moldova, \u00a0\u00eentr-un parteneriat de promovare \u00eentre Asocia\u021bia Institutul<br \/>\npentru Ora\u0219e Vizionare, Oficiul Na\u021bional al Turismului \u0219i Ministerul Culturii<br \/>\ndin Republica Moldova. <\/p>\n<p>Destina\u021bii din Republica<br \/>\nMoldova vor avea oportunitatea de a se \u00eenscrie \u00een concursul&#8230;<\/p>\n<\/div>\n<p><br \/>\n<br \/><a href=\"https:\/\/adevarul.ro\/amp\/stil-de-viata\/calatorii\/competitia-destinatia-anului-2024-se-extinde-si-in-2345035.html\">surs\u0103<\/a><\/p>\n","protected":false},"excerpt":{"rendered":"<p>Destina\u021bia Anului, cel mai important proiect de promovare a destina\u021biilor turistice din Rom\u00e2nia, anun\u021b\u0103 \u00een premier\u0103 extinderea competi\u021biei din 2024 \u0219i \u00een Republica Moldova. Competi\u021bia Destina\u021bia Anului 2024 se extinde \u0219i \u00een Republica Moldova Competi\u021bia Destina\u021bia Anului se extinde \u0219i \u00een Republica Moldova, \u00a0\u00eentr-un parteneriat de promovare \u00eentre Asocia\u021bia Institutul pentru Ora\u0219e Vizionare, Oficiul Na\u021bional [&hellip;]<\/p>\n","protected":false},"author":1,"featured_media":0,"comment_status":"closed","ping_status":"closed","sticky":false,"template":"","format":"standard","meta":{"footnotes":""},"categories":[3285,3286],"tags":[6602],"class_list":{"0":"post-9382","1":"post","2":"type-post","3":"status-publish","4":"format-standard","6":"category-lifestyle-ro","7":"category-modolva-ro","8":"tag-destinatia-anului"},"_links":{"self":[{"href":"https:\/\/thelatin.news\/ro\/wp-json\/wp\/v2\/posts\/9382","targetHints":{"allow":["GET"]}}],"collection":[{"href":"https:\/\/thelatin.news\/ro\/wp-json\/wp\/v2\/posts"}],"about":[{"href":"https:\/\/thelatin.news\/ro\/wp-json\/wp\/v2\/types\/post"}],"author":[{"embeddable":true,"href":"https:\/\/thelatin.news\/ro\/wp-json\/wp\/v2\/users\/1"}],"replies":[{"embeddable":true,"href":"https:\/\/thelatin.news\/ro\/wp-json\/wp\/v2\/comments?post=9382"}],"version-history":[{"count":0,"href":"https:\/\/thelatin.news\/ro\/wp-json\/wp\/v2\/posts\/9382\/revisions"}],"wp:attachment":[{"href":"https:\/\/thelatin.news\/ro\/wp-json\/wp\/v2\/media?parent=9382"}],"wp:term":[{"taxonomy":"category","embeddable":true,"href":"https:\/\/thelatin.news\/ro\/wp-json\/wp\/v2\/categories?post=9382"},{"taxonomy":"post_tag","embeddable":true,"href":"https:\/\/thelatin.news\/ro\/wp-json\/wp\/v2\/tags?post=9382"}],"curies":[{"name":"wp","href":"https:\/\/api.w.org\/{rel}","templated":true}]}}