{"id":9375,"date":"2024-06-05T18:03:52","date_gmt":"2024-06-05T18:03:52","guid":{"rendered":"https:\/\/thelatin.news\/pastele-blajinilor-in-moldova-semnificatie-traditii-si-interdictii-%d1%81%d0%bf\/"},"modified":"2024-06-05T18:03:52","modified_gmt":"2024-06-05T18:03:52","slug":"pastele-blajinilor-in-moldova-semnificatie-traditii-si-interdictii-%d1%81%d0%bf","status":"publish","type":"post","link":"https:\/\/thelatin.news\/ro\/pastele-blajinilor-in-moldova-semnificatie-traditii-si-interdictii-%d1%81%d0%bf\/","title":{"rendered":"Pa\u0219tele Blajinilor \u00een Moldova: semnifica\u021bie, tradi\u021bii \u0219i interdic\u021bii | \u0421\u041f"},"content":{"rendered":"<p> <br \/>\n<\/p>\n<div property=\"content:encoded\">\n<p><strong>Zilele de pomenire, de desp\u0103r\u021bire sau <a href=\"https:\/\/esp.md\/ro\/search\/content\/Pa%C8%99tele%20Blajinilor\" target=\"_blank\" rel=\"noopener\">Pa\u0219tele Blajinilor<\/a> sunt primele comemor\u0103ri ale r\u0103posa\u021bilor la nivel bisericesc dup\u0103 s\u0103rb\u0103torile pascale. \u00cen tradi\u021bia ortodox\u0103, \u00een aceste zile \u00ee\u0219i amintesc de cei trecu\u021bi din via\u021b\u0103. V\u0103 spunem c\u00e2nd \u0219i cum \u00ee\u0219i amintesc ortodoc\u0219ii r\u0103posa\u021bii, care sunt obiceiurile \u0219i interdic\u021biile.<\/strong><\/p>\n<h2><strong>Care este semnifica\u021bia Zilelor de pomenire<\/strong><\/h2>\n<p>Din punct de vedere istoric,\u00a0Pa\u0219tele Blajinilor este un obicei p\u0103g\u00e2n de pomenire a r\u0103posa\u021bilor la vechii slavi din est, care a fost p\u0103strat de cre\u0219tinii ortodoc\u0219i, s\u0103rb\u0103torit dup\u0103 s\u0103rb\u0103toarea Pa\u0219telui. Aceast\u0103 s\u0103rb\u0103toare simbolizeaz\u0103 at\u00e2t&#8230;<\/p>\n<\/div>\n<p><br \/>\n<br \/><a href=\"https:\/\/esp.md\/ro\/kaleydoskop\/2024\/05\/07\/pastele-blajinilor-moldova-semnificatie-traditii-si-interdictii\">surs\u0103<\/a><\/p>\n","protected":false},"excerpt":{"rendered":"<p>Zilele de pomenire, de desp\u0103r\u021bire sau Pa\u0219tele Blajinilor sunt primele comemor\u0103ri ale r\u0103posa\u021bilor la nivel bisericesc dup\u0103 s\u0103rb\u0103torile pascale. \u00cen tradi\u021bia ortodox\u0103, \u00een aceste zile \u00ee\u0219i amintesc de cei trecu\u021bi din via\u021b\u0103. V\u0103 spunem c\u00e2nd \u0219i cum \u00ee\u0219i amintesc ortodoc\u0219ii r\u0103posa\u021bii, care sunt obiceiurile \u0219i interdic\u021biile. Care este semnifica\u021bia Zilelor de pomenire Din punct de [&hellip;]<\/p>\n","protected":false},"author":1,"featured_media":0,"comment_status":"closed","ping_status":"closed","sticky":false,"template":"","format":"standard","meta":{"footnotes":""},"categories":[3285,3286],"tags":[],"class_list":{"0":"post-9375","1":"post","2":"type-post","3":"status-publish","4":"format-standard","6":"category-lifestyle-ro","7":"category-modolva-ro"},"_links":{"self":[{"href":"https:\/\/thelatin.news\/ro\/wp-json\/wp\/v2\/posts\/9375","targetHints":{"allow":["GET"]}}],"collection":[{"href":"https:\/\/thelatin.news\/ro\/wp-json\/wp\/v2\/posts"}],"about":[{"href":"https:\/\/thelatin.news\/ro\/wp-json\/wp\/v2\/types\/post"}],"author":[{"embeddable":true,"href":"https:\/\/thelatin.news\/ro\/wp-json\/wp\/v2\/users\/1"}],"replies":[{"embeddable":true,"href":"https:\/\/thelatin.news\/ro\/wp-json\/wp\/v2\/comments?post=9375"}],"version-history":[{"count":0,"href":"https:\/\/thelatin.news\/ro\/wp-json\/wp\/v2\/posts\/9375\/revisions"}],"wp:attachment":[{"href":"https:\/\/thelatin.news\/ro\/wp-json\/wp\/v2\/media?parent=9375"}],"wp:term":[{"taxonomy":"category","embeddable":true,"href":"https:\/\/thelatin.news\/ro\/wp-json\/wp\/v2\/categories?post=9375"},{"taxonomy":"post_tag","embeddable":true,"href":"https:\/\/thelatin.news\/ro\/wp-json\/wp\/v2\/tags?post=9375"}],"curies":[{"name":"wp","href":"https:\/\/api.w.org\/{rel}","templated":true}]}}