{"id":9358,"date":"2024-06-05T18:03:27","date_gmt":"2024-06-05T18:03:27","guid":{"rendered":"https:\/\/thelatin.news\/va-fi-lansat-un-nou-proiect-ambitios-in-fotbalul-din-moldova\/"},"modified":"2024-06-05T18:03:27","modified_gmt":"2024-06-05T18:03:27","slug":"va-fi-lansat-un-nou-proiect-ambitios-in-fotbalul-din-moldova","status":"publish","type":"post","link":"https:\/\/thelatin.news\/ro\/va-fi-lansat-un-nou-proiect-ambitios-in-fotbalul-din-moldova\/","title":{"rendered":"Va fi lansat un nou proiect ambi\u021bios \u00een fotbalul din Moldova"},"content":{"rendered":"<p> <br \/>\n<\/p>\n<p>Ast\u0103zi, 29 mai, la sediul Prim\u0103riei Chi\u0219in\u0103u a fost semnat Acordul de colaborare cu Asocia\u021bia Ob\u0219teasc\u0103 Fotbal Club Chi\u0219in\u0103u, care prevede dezvoltarea sportului de performan\u021b\u0103 \u00een r\u00e2ndul copiilor, promovarea modului s\u0103n\u0103tos de via\u021b\u0103 \u0219i a fotbalului \u00een Capital\u0103.<\/p>\n<div data-testid=\"text-content\">\n<p>\u00cen cadrul evenimentului, edilul Capitalei a declarat c\u0103 municipalitatea depune maxim efort pentru dezvoltarea fotbalului autohton, deoarece la Chi\u0219in\u0103u sunt foarte mul\u021bi copii talenta\u021bi, transmite<b>\u00a0\u0218tiri.md<\/b>.<\/p>\n<p>\u201eNe dorim ca picii, inclusiv cei care nu au anumite posibilit\u0103\u021bi, prin sprijinul nostru, s\u0103 ne reprezinte cu succes at\u00e2t \u00een echipe mari, c\u00e2t \u0219i&#8230;<\/p>\n<\/div>\n<p><br \/>\n<br \/><a href=\"https:\/\/stiri.md\/article\/sport\/ion-ceban-va-fi-lansat-un-nou-proiect-ambitios-in-fotbalul-din-moldova\">surs\u0103<\/a><\/p>\n","protected":false},"excerpt":{"rendered":"<p>Ast\u0103zi, 29 mai, la sediul Prim\u0103riei Chi\u0219in\u0103u a fost semnat Acordul de colaborare cu Asocia\u021bia Ob\u0219teasc\u0103 Fotbal Club Chi\u0219in\u0103u, care prevede dezvoltarea sportului de performan\u021b\u0103 \u00een r\u00e2ndul copiilor, promovarea modului s\u0103n\u0103tos de via\u021b\u0103 \u0219i a fotbalului \u00een Capital\u0103. \u00cen cadrul evenimentului, edilul Capitalei a declarat c\u0103 municipalitatea depune maxim efort pentru dezvoltarea fotbalului autohton, deoarece [&hellip;]<\/p>\n","protected":false},"author":1,"featured_media":0,"comment_status":"closed","ping_status":"closed","sticky":false,"template":"","format":"standard","meta":{"footnotes":""},"categories":[3285,3286],"tags":[],"class_list":{"0":"post-9358","1":"post","2":"type-post","3":"status-publish","4":"format-standard","6":"category-lifestyle-ro","7":"category-modolva-ro"},"_links":{"self":[{"href":"https:\/\/thelatin.news\/ro\/wp-json\/wp\/v2\/posts\/9358","targetHints":{"allow":["GET"]}}],"collection":[{"href":"https:\/\/thelatin.news\/ro\/wp-json\/wp\/v2\/posts"}],"about":[{"href":"https:\/\/thelatin.news\/ro\/wp-json\/wp\/v2\/types\/post"}],"author":[{"embeddable":true,"href":"https:\/\/thelatin.news\/ro\/wp-json\/wp\/v2\/users\/1"}],"replies":[{"embeddable":true,"href":"https:\/\/thelatin.news\/ro\/wp-json\/wp\/v2\/comments?post=9358"}],"version-history":[{"count":0,"href":"https:\/\/thelatin.news\/ro\/wp-json\/wp\/v2\/posts\/9358\/revisions"}],"wp:attachment":[{"href":"https:\/\/thelatin.news\/ro\/wp-json\/wp\/v2\/media?parent=9358"}],"wp:term":[{"taxonomy":"category","embeddable":true,"href":"https:\/\/thelatin.news\/ro\/wp-json\/wp\/v2\/categories?post=9358"},{"taxonomy":"post_tag","embeddable":true,"href":"https:\/\/thelatin.news\/ro\/wp-json\/wp\/v2\/tags?post=9358"}],"curies":[{"name":"wp","href":"https:\/\/api.w.org\/{rel}","templated":true}]}}