{"id":9269,"date":"2024-06-05T17:48:14","date_gmt":"2024-06-05T17:48:14","guid":{"rendered":"https:\/\/thelatin.news\/o-tanara-a-fost-rapita-in-italia-pentru-a-fi-vanduta-in-cadrul-unei-licitatii-pe-dark-web\/"},"modified":"2024-06-05T17:48:14","modified_gmt":"2024-06-05T17:48:14","slug":"o-tanara-a-fost-rapita-in-italia-pentru-a-fi-vanduta-in-cadrul-unei-licitatii-pe-dark-web","status":"publish","type":"post","link":"https:\/\/thelatin.news\/ro\/o-tanara-a-fost-rapita-in-italia-pentru-a-fi-vanduta-in-cadrul-unei-licitatii-pe-dark-web\/","title":{"rendered":"O t\u00e2n\u0103r\u0103 a fost r\u0103pit\u0103 \u00een Italia pentru a fi v\u00e2ndut\u0103 \u00een cadrul unei licita\u0163ii pe dark web"},"content":{"rendered":"<p> <br \/>\n<\/p>\n<div>\n<p>Clipe de groaz\u0103 pentru o t\u00e2n\u0103r\u0103 britanic\u0103 \u00een v\u00e2rst\u0103 de 20 de ani, dup\u0103 ce a fost r\u0103pit\u0103 \u00een ora\u015ful italian Milano pentru a fi v\u00e2ndut la licita\u0163ie pe un site de pornografie de pe dark web.<\/p>\n<p><amp-ad width=\"300\" height=\"250\" type=\"doubleclick\" data-slot=\"\/62727623\/Antena3.ro\/Content\/Rectangle\"\/><\/p>\n<p>Modelul britanic al c\u0103rei nume nu a fost f\u0103cut public, a fost drogat\u0103, \u00eenc\u0103tu\u015fat\u0103 \u015fi \u00eenghesuit\u0103 \u00eentr-o geant\u0103 de voiaj.<\/p>\n<p>Un polonez cu re\u015fedin\u0163a \u00een Marea Britanie a fost arestat, fiind acuzat de r\u0103pire. Suspectul a fost arestat \u00een data de 17 iulie \u00een afara Consulatului britanic din Milano, \u00een timp ce \u00eenso\u0163ea femeia r\u0103pit\u0103.<\/p>\n<p>Nu s-a putut stabili \u00eenc\u0103 care era motivul pentru care suspectul a condus-o pe&#8230;<\/p>\n<\/div>\n<p><br \/>\n<br \/><a href=\"https:\/\/www.antena3.ro\/amp\/o-tanara-a-fost-rapita-in-italia-pentru-a-fi-vanduta-in-cadrul-unei-licitatii-pe-dark-web-427273.html\">surs\u0103<\/a><\/p>\n","protected":false},"excerpt":{"rendered":"<p>Clipe de groaz\u0103 pentru o t\u00e2n\u0103r\u0103 britanic\u0103 \u00een v\u00e2rst\u0103 de 20 de ani, dup\u0103 ce a fost r\u0103pit\u0103 \u00een ora\u015ful italian Milano pentru a fi v\u00e2ndut la licita\u0163ie pe un site de pornografie de pe dark web. Modelul britanic al c\u0103rei nume nu a fost f\u0103cut public, a fost drogat\u0103, \u00eenc\u0103tu\u015fat\u0103 \u015fi \u00eenghesuit\u0103 \u00eentr-o geant\u0103 [&hellip;]<\/p>\n","protected":false},"author":1,"featured_media":0,"comment_status":"closed","ping_status":"closed","sticky":false,"template":"","format":"standard","meta":{"footnotes":""},"categories":[3284,3292],"tags":[],"class_list":{"0":"post-9269","1":"post","2":"type-post","3":"status-publish","4":"format-standard","6":"category-italy-ro","7":"category-travel-ro"},"_links":{"self":[{"href":"https:\/\/thelatin.news\/ro\/wp-json\/wp\/v2\/posts\/9269","targetHints":{"allow":["GET"]}}],"collection":[{"href":"https:\/\/thelatin.news\/ro\/wp-json\/wp\/v2\/posts"}],"about":[{"href":"https:\/\/thelatin.news\/ro\/wp-json\/wp\/v2\/types\/post"}],"author":[{"embeddable":true,"href":"https:\/\/thelatin.news\/ro\/wp-json\/wp\/v2\/users\/1"}],"replies":[{"embeddable":true,"href":"https:\/\/thelatin.news\/ro\/wp-json\/wp\/v2\/comments?post=9269"}],"version-history":[{"count":0,"href":"https:\/\/thelatin.news\/ro\/wp-json\/wp\/v2\/posts\/9269\/revisions"}],"wp:attachment":[{"href":"https:\/\/thelatin.news\/ro\/wp-json\/wp\/v2\/media?parent=9269"}],"wp:term":[{"taxonomy":"category","embeddable":true,"href":"https:\/\/thelatin.news\/ro\/wp-json\/wp\/v2\/categories?post=9269"},{"taxonomy":"post_tag","embeddable":true,"href":"https:\/\/thelatin.news\/ro\/wp-json\/wp\/v2\/tags?post=9269"}],"curies":[{"name":"wp","href":"https:\/\/api.w.org\/{rel}","templated":true}]}}