{"id":9263,"date":"2024-06-05T17:48:10","date_gmt":"2024-06-05T17:48:10","guid":{"rendered":"https:\/\/thelatin.news\/tara-europeana-prea-mica-pentru-a-face-parte-din-ue-nu-are-gari-aeroport-sau-autostrazi\/"},"modified":"2024-06-05T17:48:10","modified_gmt":"2024-06-05T17:48:10","slug":"tara-europeana-prea-mica-pentru-a-face-parte-din-ue-nu-are-gari-aeroport-sau-autostrazi","status":"publish","type":"post","link":"https:\/\/thelatin.news\/ro\/tara-europeana-prea-mica-pentru-a-face-parte-din-ue-nu-are-gari-aeroport-sau-autostrazi\/","title":{"rendered":"\u0162ara european\u0103 prea mic\u0103 pentru a face parte din UE. Nu are g\u0103ri, aeroport sau autostr\u0103zi"},"content":{"rendered":"<p> <br \/>\n<\/p>\n<div>\n<p><strong> O \u0163ar\u0103 f\u0103r\u0103 ie\u015fire la mare, a \u015fasea cea mai mic\u0103 din Europa, este vizitat\u0103 de 10 milioane de oameni anual, de\u015fi nu dispune de g\u0103ri, aeroport sau autostr\u0103zi. <\/strong><\/p>\n<p><span class=\"acsse01d5\">Principatul Andorrei este o \u021bar\u0103 f\u0103r\u0103 ie\u0219ire la mare, aflat\u0103 \u00een sud-vestul Europei, \u00een estul Pirineilor, la frontiera \u00eentre Spania \u0219i Fran\u021ba. Andorra la Vella este capitala european\u0103 aflat\u0103 la cea mai mare altitudine, la 1.023 m peste nivelul m\u0103rii. \u00a0Cu o suprafa\u021b\u0103 de 468 km\u00b2 \u0219i o popula\u021bie estimat\u0103 la 84.082 de locuitori, aceast\u0103 \u0163ar\u0103 se bucur\u0103 de prosperitate \u00een special datorit\u0103 turismului. Mai mult de 10 milioane de persoane viziteaz\u0103&#8230;<\/span><\/p>\n<\/div>\n<p><br \/>\n<br \/><a href=\"https:\/\/www.capital.ro\/tara-europeana-prea-mica-pentru-a-face-parte-din-ue-nu-are-gari.html\/amp\">surs\u0103<\/a><\/p>\n","protected":false},"excerpt":{"rendered":"<p>O \u0163ar\u0103 f\u0103r\u0103 ie\u015fire la mare, a \u015fasea cea mai mic\u0103 din Europa, este vizitat\u0103 de 10 milioane de oameni anual, de\u015fi nu dispune de g\u0103ri, aeroport sau autostr\u0103zi. Principatul Andorrei este o \u021bar\u0103 f\u0103r\u0103 ie\u0219ire la mare, aflat\u0103 \u00een sud-vestul Europei, \u00een estul Pirineilor, la frontiera \u00eentre Spania \u0219i Fran\u021ba. Andorra la Vella este [&hellip;]<\/p>\n","protected":false},"author":1,"featured_media":0,"comment_status":"closed","ping_status":"closed","sticky":false,"template":"","format":"standard","meta":{"footnotes":""},"categories":[3280,3285],"tags":[],"class_list":{"0":"post-9263","1":"post","2":"type-post","3":"status-publish","4":"format-standard","6":"category-andora-ro","7":"category-lifestyle-ro"},"_links":{"self":[{"href":"https:\/\/thelatin.news\/ro\/wp-json\/wp\/v2\/posts\/9263","targetHints":{"allow":["GET"]}}],"collection":[{"href":"https:\/\/thelatin.news\/ro\/wp-json\/wp\/v2\/posts"}],"about":[{"href":"https:\/\/thelatin.news\/ro\/wp-json\/wp\/v2\/types\/post"}],"author":[{"embeddable":true,"href":"https:\/\/thelatin.news\/ro\/wp-json\/wp\/v2\/users\/1"}],"replies":[{"embeddable":true,"href":"https:\/\/thelatin.news\/ro\/wp-json\/wp\/v2\/comments?post=9263"}],"version-history":[{"count":0,"href":"https:\/\/thelatin.news\/ro\/wp-json\/wp\/v2\/posts\/9263\/revisions"}],"wp:attachment":[{"href":"https:\/\/thelatin.news\/ro\/wp-json\/wp\/v2\/media?parent=9263"}],"wp:term":[{"taxonomy":"category","embeddable":true,"href":"https:\/\/thelatin.news\/ro\/wp-json\/wp\/v2\/categories?post=9263"},{"taxonomy":"post_tag","embeddable":true,"href":"https:\/\/thelatin.news\/ro\/wp-json\/wp\/v2\/tags?post=9263"}],"curies":[{"name":"wp","href":"https:\/\/api.w.org\/{rel}","templated":true}]}}