{"id":9235,"date":"2024-06-05T17:47:48","date_gmt":"2024-06-05T17:47:48","guid":{"rendered":"https:\/\/thelatin.news\/meciurile-cu-andorra-si-elvetia-se-vor-disputa-tot-pe-arena-nationala\/"},"modified":"2024-06-05T17:47:48","modified_gmt":"2024-06-05T17:47:48","slug":"meciurile-cu-andorra-si-elvetia-se-vor-disputa-tot-pe-arena-nationala","status":"publish","type":"post","link":"https:\/\/thelatin.news\/ro\/meciurile-cu-andorra-si-elvetia-se-vor-disputa-tot-pe-arena-nationala\/","title":{"rendered":"Meciurile cu Andorra \u015fi Elve\u0163ia se vor disputa tot pe Arena Na\u0163ional\u0103"},"content":{"rendered":"<p> <br \/>\n<\/p>\n<div>\n<p>   Echipa na\u0163ional\u0103 de fotbal masculin a Rom\u00e2niei va disputa \u00een luna octombrie dou\u0103 meciuri \u00een preliminariile EURO 2024. Tricolorii vor \u00eent\u00e2lni pe 12 octombrie Belarus, \u00een deplasare, cel mai probabil   la Budapesta, iar pe 15 octombrie vor juca acas\u0103, cu Andorra, pe Arena Na\u0163ional\u0103. <\/p>\n<p>   De asemenea, \u00een luna noiembrie, na\u0163ionala Rom\u00e2niei are programat\u0103 ultimele dou\u0103 jocuri din preliminariile pentru EURO 2024. Pe 18 noiembrie se va deplasa \u00een Israel, la Ierusalim, iar pe 21   noiembrie va \u00eent\u00e2lni acas\u0103 Elve\u0163ia, tot pe Arena Na\u0163ional\u0103. <\/p>\n<p>   Meciurile din luna&#8230;<\/p>\n<\/div>\n<p><br \/>\n<br \/><a href=\"https:\/\/m.mediafax.ro\/amp\/sport\/meciurile-cu-andorra-si-elvetia-se-vor-disputa-tot-pe-arena-nationala-22014893\">surs\u0103<\/a><\/p>\n","protected":false},"excerpt":{"rendered":"<p>Echipa na\u0163ional\u0103 de fotbal masculin a Rom\u00e2niei va disputa \u00een luna octombrie dou\u0103 meciuri \u00een preliminariile EURO 2024. Tricolorii vor \u00eent\u00e2lni pe 12 octombrie Belarus, \u00een deplasare, cel mai probabil la Budapesta, iar pe 15 octombrie vor juca acas\u0103, cu Andorra, pe Arena Na\u0163ional\u0103. De asemenea, \u00een luna noiembrie, na\u0163ionala Rom\u00e2niei are programat\u0103 ultimele dou\u0103 [&hellip;]<\/p>\n","protected":false},"author":1,"featured_media":0,"comment_status":"closed","ping_status":"closed","sticky":false,"template":"","format":"standard","meta":{"footnotes":""},"categories":[3281,3280],"tags":[],"class_list":{"0":"post-9235","1":"post","2":"type-post","3":"status-publish","4":"format-standard","6":"category-business-ro","7":"category-andora-ro"},"_links":{"self":[{"href":"https:\/\/thelatin.news\/ro\/wp-json\/wp\/v2\/posts\/9235","targetHints":{"allow":["GET"]}}],"collection":[{"href":"https:\/\/thelatin.news\/ro\/wp-json\/wp\/v2\/posts"}],"about":[{"href":"https:\/\/thelatin.news\/ro\/wp-json\/wp\/v2\/types\/post"}],"author":[{"embeddable":true,"href":"https:\/\/thelatin.news\/ro\/wp-json\/wp\/v2\/users\/1"}],"replies":[{"embeddable":true,"href":"https:\/\/thelatin.news\/ro\/wp-json\/wp\/v2\/comments?post=9235"}],"version-history":[{"count":0,"href":"https:\/\/thelatin.news\/ro\/wp-json\/wp\/v2\/posts\/9235\/revisions"}],"wp:attachment":[{"href":"https:\/\/thelatin.news\/ro\/wp-json\/wp\/v2\/media?parent=9235"}],"wp:term":[{"taxonomy":"category","embeddable":true,"href":"https:\/\/thelatin.news\/ro\/wp-json\/wp\/v2\/categories?post=9235"},{"taxonomy":"post_tag","embeddable":true,"href":"https:\/\/thelatin.news\/ro\/wp-json\/wp\/v2\/tags?post=9235"}],"curies":[{"name":"wp","href":"https:\/\/api.w.org\/{rel}","templated":true}]}}