{"id":9229,"date":"2024-06-05T17:47:40","date_gmt":"2024-06-05T17:47:40","guid":{"rendered":"https:\/\/thelatin.news\/o-tanara-isi-descopera-familia-apeland-la-mitul-cutiei-pandorei-ce-a-aflat-femeia-si-ce-s-a-intamplat-cu-ea\/"},"modified":"2024-06-05T17:47:40","modified_gmt":"2024-06-05T17:47:40","slug":"o-tanara-isi-descopera-familia-apeland-la-mitul-cutiei-pandorei-ce-a-aflat-femeia-si-ce-s-a-intamplat-cu-ea","status":"publish","type":"post","link":"https:\/\/thelatin.news\/ro\/o-tanara-isi-descopera-familia-apeland-la-mitul-cutiei-pandorei-ce-a-aflat-femeia-si-ce-s-a-intamplat-cu-ea\/","title":{"rendered":"O t\u00e2n\u0103r\u0103 \u00ee\u0219i descoper\u0103 familia apel\u00e2nd la mitul Cutiei Pandorei. Ce a aflat femeia \u0219i ce s-a \u00eent\u0103mplat cu ea"},"content":{"rendered":"<p> <br \/>\n<\/p>\n<div id=\"\">\n<p>O poveste despre mit \u0219i secrete, tr\u0103dare \u0219i<br \/>\nmister, destin \u0219i speran\u021b\u0103,\u00a0Pandora, romanul istoric de\u00a0Susan<br \/>\nStokes-Chapman este la editura Nemira<\/p>\n<p>          <amp-img layout=\"responsive\" width=\"650\" height=\"341\" src=\"https:\/\/cdn.adh.reperio.news\/image-a\/aaa71b64-9df7-45ac-90f2-fdb86aad1fed\/index.jpeg?p=w%3D650%26f%3Dwebp%26q%3D91\" class=\"svelte-1arpec\"><amp-img alt=\"Content image\" fallback=\"\" width=\"650\" height=\"341\" src=\"https:\/\/cdn.adh.reperio.news\/image-a\/aaa71b64-9df7-45ac-90f2-fdb86aad1fed\/index.jpeg?p=w%3D650%26f%3Dpng%26q%3D91\" class=\"svelte-1arpec\"\/><\/amp-img><\/p>\n<p>Pandora, romanul istoric de Susan Stokes-Chapman este la editura Nemira Sursa foto Nemira<\/p>\n<p><b>Pandora,<br \/>\nromanul Bestseller\u00a0THE SUNDAY TIMES<\/b><\/p>\n<p>Pandora,<br \/>\nromanul Bestseller\u00a0THE SUNDAY TIMES \u0219i finalist al LUCY CAVENDISH<br \/>\nFICTION PRIZE &amp; LE BATH NOVEL PRIZE este acum \u0219i \u00een Rom\u00e2nia. Un roman istoric<br \/>\ntulbur\u0103tor \u00een care descoperirea unor misterioase antichit\u0103\u021bi grece\u0219ti pune \u00een<br \/>\nmi\u0219care conspira\u021bii, revela\u021bii \u0219i pove\u0219ti de&#8230;<\/p>\n<\/div>\n<p><br \/>\n<br \/><a href=\"https:\/\/adevarul.ro\/amp\/stil-de-viata\/cultura\/o-tanara-isi-descopera-familia-apeland-la-mitul-2248928.html\">surs\u0103<\/a><\/p>\n","protected":false},"excerpt":{"rendered":"<p>O poveste despre mit \u0219i secrete, tr\u0103dare \u0219i mister, destin \u0219i speran\u021b\u0103,\u00a0Pandora, romanul istoric de\u00a0Susan Stokes-Chapman este la editura Nemira Pandora, romanul istoric de Susan Stokes-Chapman este la editura Nemira Sursa foto Nemira Pandora, romanul Bestseller\u00a0THE SUNDAY TIMES Pandora, romanul Bestseller\u00a0THE SUNDAY TIMES \u0219i finalist al LUCY CAVENDISH FICTION PRIZE &amp; LE BATH NOVEL PRIZE [&hellip;]<\/p>\n","protected":false},"author":1,"featured_media":0,"comment_status":"closed","ping_status":"closed","sticky":false,"template":"","format":"standard","meta":{"footnotes":""},"categories":[3280,3285],"tags":[6444,6443,6445],"class_list":{"0":"post-9229","1":"post","2":"type-post","3":"status-publish","4":"format-standard","6":"category-andora-ro","7":"category-lifestyle-ro","8":"tag-cutia-pandorei","9":"tag-editura-nemira","10":"tag-susan-stokes-chapman"},"_links":{"self":[{"href":"https:\/\/thelatin.news\/ro\/wp-json\/wp\/v2\/posts\/9229","targetHints":{"allow":["GET"]}}],"collection":[{"href":"https:\/\/thelatin.news\/ro\/wp-json\/wp\/v2\/posts"}],"about":[{"href":"https:\/\/thelatin.news\/ro\/wp-json\/wp\/v2\/types\/post"}],"author":[{"embeddable":true,"href":"https:\/\/thelatin.news\/ro\/wp-json\/wp\/v2\/users\/1"}],"replies":[{"embeddable":true,"href":"https:\/\/thelatin.news\/ro\/wp-json\/wp\/v2\/comments?post=9229"}],"version-history":[{"count":0,"href":"https:\/\/thelatin.news\/ro\/wp-json\/wp\/v2\/posts\/9229\/revisions"}],"wp:attachment":[{"href":"https:\/\/thelatin.news\/ro\/wp-json\/wp\/v2\/media?parent=9229"}],"wp:term":[{"taxonomy":"category","embeddable":true,"href":"https:\/\/thelatin.news\/ro\/wp-json\/wp\/v2\/categories?post=9229"},{"taxonomy":"post_tag","embeddable":true,"href":"https:\/\/thelatin.news\/ro\/wp-json\/wp\/v2\/tags?post=9229"}],"curies":[{"name":"wp","href":"https:\/\/api.w.org\/{rel}","templated":true}]}}