{"id":13707,"date":"2024-08-22T06:00:18","date_gmt":"2024-08-22T06:00:18","guid":{"rendered":"https:\/\/thelatin.news\/crenguta-leaua-de-la-rosia-montana-la-tehnologie-filosofie-si-teologie\/"},"modified":"2024-08-22T06:00:18","modified_gmt":"2024-08-22T06:00:18","slug":"crenguta-leaua-de-la-rosia-montana-la-tehnologie-filosofie-si-teologie","status":"publish","type":"post","link":"https:\/\/thelatin.news\/ro\/crenguta-leaua-de-la-rosia-montana-la-tehnologie-filosofie-si-teologie\/","title":{"rendered":"Crengu\u0163a Leaua \u2013 De la Rosia Montan\u0103 la tehnologie, filosofie \u015fi teologie"},"content":{"rendered":"<p> <br \/>\n<\/p>\n<p>\n                                                Viitorul este despre inteligen\u0163a artificial\u0103, tehnologie, robo\u0163i, coduri compuse din algoritmi care ne rescriu vie\u0163ile. Este \u00een acela\u015fi timp fascinant \u015fi terifiant. Dar am s\u0103 v\u0103 spun un lucru care poate p\u0103rea \u015focant. Nu po\u0163i \u00een\u0163elege resorturile intime ale tehnologiei dac\u0103 nu ai dat o rait\u0103 prin filosofie, lingvistic\u0103, istoria religiilor, arte \u015fi cultur\u0103 \u00een general.                    <\/p>\n<div>\n<p>\u015etiu, nu sunt la mod\u0103. La mod\u0103 e s\u0103 stai ca o mom\u00e2ie lipit de televizor, de calculator sau de telefon \u015fi s\u0103 te&#8230;<\/p>\n<\/div>\n<p><br \/>\n<br \/><a href=\"https:\/\/www.rfi.fr\/ro\/podcasturi\/noi-venim-din-viitor\/20240719-crengu%C5%A3a-leaua-%E2%80%93-de-la-rosia-montan%C4%83-la-tehnologie-filosofie-%C5%9Fi-teologie\">surs\u0103<\/a><\/p>\n","protected":false},"excerpt":{"rendered":"<p>Viitorul este despre inteligen\u0163a artificial\u0103, tehnologie, robo\u0163i, coduri compuse din algoritmi care ne rescriu vie\u0163ile. Este \u00een acela\u015fi timp fascinant \u015fi terifiant. Dar am s\u0103 v\u0103 spun un lucru care poate p\u0103rea \u015focant. Nu po\u0163i \u00een\u0163elege resorturile intime ale tehnologiei dac\u0103 nu ai dat o rait\u0103 prin filosofie, lingvistic\u0103, istoria religiilor, arte \u015fi cultur\u0103 \u00een [&hellip;]<\/p>\n","protected":false},"author":1,"featured_media":0,"comment_status":"closed","ping_status":"closed","sticky":false,"template":"","format":"standard","meta":{"footnotes":""},"categories":[81,3283,7,3290],"tags":[9305],"class_list":{"0":"post-13707","1":"post","2":"type-post","3":"status-publish","4":"format-standard","6":"category-france","7":"category-france-ro","8":"category-technology","9":"category-technology-ro","10":"tag-noi-venim-din-viitor"},"_links":{"self":[{"href":"https:\/\/thelatin.news\/ro\/wp-json\/wp\/v2\/posts\/13707","targetHints":{"allow":["GET"]}}],"collection":[{"href":"https:\/\/thelatin.news\/ro\/wp-json\/wp\/v2\/posts"}],"about":[{"href":"https:\/\/thelatin.news\/ro\/wp-json\/wp\/v2\/types\/post"}],"author":[{"embeddable":true,"href":"https:\/\/thelatin.news\/ro\/wp-json\/wp\/v2\/users\/1"}],"replies":[{"embeddable":true,"href":"https:\/\/thelatin.news\/ro\/wp-json\/wp\/v2\/comments?post=13707"}],"version-history":[{"count":0,"href":"https:\/\/thelatin.news\/ro\/wp-json\/wp\/v2\/posts\/13707\/revisions"}],"wp:attachment":[{"href":"https:\/\/thelatin.news\/ro\/wp-json\/wp\/v2\/media?parent=13707"}],"wp:term":[{"taxonomy":"category","embeddable":true,"href":"https:\/\/thelatin.news\/ro\/wp-json\/wp\/v2\/categories?post=13707"},{"taxonomy":"post_tag","embeddable":true,"href":"https:\/\/thelatin.news\/ro\/wp-json\/wp\/v2\/tags?post=13707"}],"curies":[{"name":"wp","href":"https:\/\/api.w.org\/{rel}","templated":true}]}}