{"id":13351,"date":"2024-08-15T02:40:11","date_gmt":"2024-08-15T02:40:11","guid":{"rendered":"https:\/\/thelatin.news\/primul-accelerator-regional-de-investitii-din-romania-gata-de-lansare\/"},"modified":"2024-08-15T02:40:11","modified_gmt":"2024-08-15T02:40:11","slug":"primul-accelerator-regional-de-investitii-din-romania-gata-de-lansare","status":"publish","type":"post","link":"https:\/\/thelatin.news\/ro\/primul-accelerator-regional-de-investitii-din-romania-gata-de-lansare\/","title":{"rendered":"Primul accelerator regional de investi\u021bii din Rom\u00e2nia, gata de lansare"},"content":{"rendered":"<p> <br \/>\n<\/p>\n<div>\n<p> <strong>Primul accelerator regional de investi\u021bii din Rom\u00e2nia, o ini\u021biativ\u0103 a Agen\u021biei pentru Dezvoltare Regional\u0103 Vest, a ajuns la linia de start. A fost demarat\u0103 prima etap\u0103 a select\u0103rii managerului instrumentului financiar de accelerare a afacerilor. Finan\u021barea se face din Programul Regional Vest 2021-2027.<\/strong><\/p>\n<p> Acceleratorul va sprijini companiile aflate la \u00eenceput de drum, prin finan\u021bare, mentorat, acces \u00een pia\u021b\u0103 \u0219i la domenii de \u00eenalt\u0103 tehnologie. Fondul va avea un buget total de 14 milioane de euro, dintre care peste 11 milioane de euro vor fi investi\u021bi \u00een companii aflate la \u00eenceput de drum. P\u00e2n\u0103 la&#8230;<\/p>\n<\/div>\n<p><br \/>\n<br \/><a href=\"https:\/\/www.profit.ro\/povesti-cu-profit\/primul-accelerator-regional-de-investitii-din-romania-gata-de-lansare-21702162\">surs\u0103<\/a><\/p>\n","protected":false},"excerpt":{"rendered":"<p>Primul accelerator regional de investi\u021bii din Rom\u00e2nia, o ini\u021biativ\u0103 a Agen\u021biei pentru Dezvoltare Regional\u0103 Vest, a ajuns la linia de start. A fost demarat\u0103 prima etap\u0103 a select\u0103rii managerului instrumentului financiar de accelerare a afacerilor. Finan\u021barea se face din Programul Regional Vest 2021-2027. Acceleratorul va sprijini companiile aflate la \u00eenceput de drum, prin finan\u021bare, mentorat, [&hellip;]<\/p>\n","protected":false},"author":1,"featured_media":0,"comment_status":"closed","ping_status":"closed","sticky":false,"template":"","format":"standard","meta":{"footnotes":""},"categories":[3281,2,88,3288],"tags":[],"class_list":{"0":"post-13351","1":"post","2":"type-post","3":"status-publish","4":"format-standard","6":"category-business-ro","7":"category-business","8":"category-romainia","9":"category-romainia-ro"},"_links":{"self":[{"href":"https:\/\/thelatin.news\/ro\/wp-json\/wp\/v2\/posts\/13351","targetHints":{"allow":["GET"]}}],"collection":[{"href":"https:\/\/thelatin.news\/ro\/wp-json\/wp\/v2\/posts"}],"about":[{"href":"https:\/\/thelatin.news\/ro\/wp-json\/wp\/v2\/types\/post"}],"author":[{"embeddable":true,"href":"https:\/\/thelatin.news\/ro\/wp-json\/wp\/v2\/users\/1"}],"replies":[{"embeddable":true,"href":"https:\/\/thelatin.news\/ro\/wp-json\/wp\/v2\/comments?post=13351"}],"version-history":[{"count":0,"href":"https:\/\/thelatin.news\/ro\/wp-json\/wp\/v2\/posts\/13351\/revisions"}],"wp:attachment":[{"href":"https:\/\/thelatin.news\/ro\/wp-json\/wp\/v2\/media?parent=13351"}],"wp:term":[{"taxonomy":"category","embeddable":true,"href":"https:\/\/thelatin.news\/ro\/wp-json\/wp\/v2\/categories?post=13351"},{"taxonomy":"post_tag","embeddable":true,"href":"https:\/\/thelatin.news\/ro\/wp-json\/wp\/v2\/tags?post=13351"}],"curies":[{"name":"wp","href":"https:\/\/api.w.org\/{rel}","templated":true}]}}