{"id":12185,"date":"2024-07-10T22:50:10","date_gmt":"2024-07-10T22:50:10","guid":{"rendered":"https:\/\/thelatin.news\/festivalul-sardinelor-va-ramane-accesibil\/"},"modified":"2024-07-10T22:50:10","modified_gmt":"2024-07-10T22:50:10","slug":"festivalul-sardinelor-va-ramane-accesibil","status":"publish","type":"post","link":"https:\/\/thelatin.news\/ro\/festivalul-sardinelor-va-ramane-accesibil\/","title":{"rendered":"Festivalul Sardinelor va r\u0103m\u00e2ne \u201eaccesibil\u201d"},"content":{"rendered":"<p> <br \/>\n<\/p>\n<div>\n<p>Ca \u0219i \u00een edi\u021bia anterioar\u0103, costul cump\u0103r\u0103rii unei farfurii cu cinci sardine la gr\u0103tar, p\u00e2ine, cartofi fier\u021bi \u0219i salat\u0103 \u00een stil algarvian, f\u0103r\u0103 b\u0103utur\u0103 este de 10,50\u20ac.<\/p>\n<p><a href=\"https:\/\/www.clubeuniao.pt\/\" target=\"_blank\" rel=\"noopener\">Acest serviciu este din nou furnizat de asocia\u021biile locale <\/a><a href=\"https:\/\/www.facebook.com\/BoaEsperancaPortimao\/?locale=pt_PT\" target=\"_blank\" rel=\"noopener\">Boa Esperan\u00e7a Atl\u00e9tico Clube Portimonense, Clube Desportivo e Recreativo da Pedra Mourinha, Clube Uni\u00e3o Portimonense<\/a><a href=\"https:\/\/www.facebook.com\/cdrpedramourinha\/?locale=pt_PT\" target=\"_blank\" rel=\"noopener\">, GEJUPCE \u2014 Gil Eanes Juventude Por<\/a> timonense Clube <a href=\"https:\/\/www.facebook.com\/gejupceportimao1995\/?locale=pt_PT\" target=\"_blank\" rel=\"noopener\"> <\/a>\u0219i <a href=\"https:\/\/www.facebook.com\/gdralvorense79\/?locale=pt_PT\" target=\"_blank\" rel=\"noopener\">Grupo Desportivo e<\/a><\/p>\n<p> Recreativo Alvorense. <\/p>\n<p>\u00cen plus fa\u021b\u0103 de locul oficial, vizitatorii pot m\u00e2nca sardine la gr\u0103tar \u00een \u0219ase restaurante partenere din zona r\u00e2ului, cum ar fi Dona Barca, Forte e Feio, Retiro do Peixe&#8230;<\/p>\n<\/div>\n<p><br \/>\n<br \/><a href=\"https:\/\/www.theportugalnews.com\/ro\/stiri\/2024-07-09\/festivalul-sardinelor-va-ramane-accesibil\/90472\">surs\u0103<\/a><\/p>\n","protected":false},"excerpt":{"rendered":"<p>Ca \u0219i \u00een edi\u021bia anterioar\u0103, costul cump\u0103r\u0103rii unei farfurii cu cinci sardine la gr\u0103tar, p\u00e2ine, cartofi fier\u021bi \u0219i salat\u0103 \u00een stil algarvian, f\u0103r\u0103 b\u0103utur\u0103 este de 10,50\u20ac. Acest serviciu este din nou furnizat de asocia\u021biile locale Boa Esperan\u00e7a Atl\u00e9tico Clube Portimonense, Clube Desportivo e Recreativo da Pedra Mourinha, Clube Uni\u00e3o Portimonense, GEJUPCE \u2014 Gil Eanes [&hellip;]<\/p>\n","protected":false},"author":1,"featured_media":0,"comment_status":"closed","ping_status":"closed","sticky":false,"template":"","format":"standard","meta":{"footnotes":""},"categories":[5,3285,83,3287],"tags":[],"class_list":{"0":"post-12185","1":"post","2":"type-post","3":"status-publish","4":"format-standard","6":"category-lifestyle","7":"category-lifestyle-ro","8":"category-portugal","9":"category-portugal-ro"},"_links":{"self":[{"href":"https:\/\/thelatin.news\/ro\/wp-json\/wp\/v2\/posts\/12185","targetHints":{"allow":["GET"]}}],"collection":[{"href":"https:\/\/thelatin.news\/ro\/wp-json\/wp\/v2\/posts"}],"about":[{"href":"https:\/\/thelatin.news\/ro\/wp-json\/wp\/v2\/types\/post"}],"author":[{"embeddable":true,"href":"https:\/\/thelatin.news\/ro\/wp-json\/wp\/v2\/users\/1"}],"replies":[{"embeddable":true,"href":"https:\/\/thelatin.news\/ro\/wp-json\/wp\/v2\/comments?post=12185"}],"version-history":[{"count":0,"href":"https:\/\/thelatin.news\/ro\/wp-json\/wp\/v2\/posts\/12185\/revisions"}],"wp:attachment":[{"href":"https:\/\/thelatin.news\/ro\/wp-json\/wp\/v2\/media?parent=12185"}],"wp:term":[{"taxonomy":"category","embeddable":true,"href":"https:\/\/thelatin.news\/ro\/wp-json\/wp\/v2\/categories?post=12185"},{"taxonomy":"post_tag","embeddable":true,"href":"https:\/\/thelatin.news\/ro\/wp-json\/wp\/v2\/tags?post=12185"}],"curies":[{"name":"wp","href":"https:\/\/api.w.org\/{rel}","templated":true}]}}