{"id":12184,"date":"2024-07-10T22:40:10","date_gmt":"2024-07-10T22:40:10","guid":{"rendered":"https:\/\/thelatin.news\/el-retorn-de-ramon-usall-a-la-ficcio-mostra-la-puixanca-de-la-novel-la-negra-lleidatana\/"},"modified":"2024-07-10T22:40:10","modified_gmt":"2024-07-10T22:40:10","slug":"el-retorn-de-ramon-usall-a-la-ficcio-mostra-la-puixanca-de-la-novel-la-negra-lleidatana","status":"publish","type":"post","link":"https:\/\/thelatin.news\/ro\/el-retorn-de-ramon-usall-a-la-ficcio-mostra-la-puixanca-de-la-novel-la-negra-lleidatana\/","title":{"rendered":"El retorn de Ramon Usall a la ficci\u00f3 mostra la puixan\u00e7a de la novel.la negra lleidatana"},"content":{"rendered":"<p> <br \/>\n<\/p>\n<div>\n<p>La novel\u00b7la negra fa anys que est\u00e0 de moda. Segurament l&#8217;inici del darrer boom del g\u00e8nere arrenca amb els autors n\u00f2rdics que, com el suec Stieg Larsson -autor de la trilogia <i>Millenium<\/i>-, van vendre milions d&#8217;exemplars durant la primera d\u00e8cada del segle XXI. A casa nostra, fa desenes i desenes d&#8217;anys que hi ha exponents de novel\u00b7la negra, per\u00f2 darrerament el fenomen s&#8217;ha expandit i tots (o gaireb\u00e9) els racons del pa\u00eds s&#8217;han convertit en escenaris d&#8217;obres del g\u00e8nere. Fa uns mesos, en Sebasti\u00e0 Benassar en fa va fer una <a href=\"http:\/\/www.vilaweb.cat\/noticies\/catalunya-una-terra-de-criminals-de-ficcio\/\" target=\"_blank\" rel=\"noopener\">bona radiografia a <i>Vilaweb<\/i><\/a>. Un clar exemple d&#8217;aquest boom \u00e9s la&#8230;<\/p>\n<\/div>\n<p><br \/>\n<br \/><a href=\"https:\/\/www.publico.es\/public\/retorn-ramon-usall-ficcio-mostra.html\/amp\">surs\u0103<\/a><\/p>\n","protected":false},"excerpt":{"rendered":"<p>La novel\u00b7la negra fa anys que est\u00e0 de moda. Segurament l&#8217;inici del darrer boom del g\u00e8nere arrenca amb els autors n\u00f2rdics que, com el suec Stieg Larsson -autor de la trilogia Millenium-, van vendre milions d&#8217;exemplars durant la primera d\u00e8cada del segle XXI. A casa nostra, fa desenes i desenes d&#8217;anys que hi ha exponents [&hellip;]<\/p>\n","protected":false},"author":1,"featured_media":0,"comment_status":"closed","ping_status":"closed","sticky":false,"template":"","format":"standard","meta":{"footnotes":""},"categories":[3282,82,88,3288],"tags":[8554,8555,8552,4507,8553],"class_list":{"0":"post-12184","1":"post","2":"type-post","3":"status-publish","4":"format-standard","6":"category-entertainment-ro","7":"category-entertainment","8":"category-romainia","9":"category-romainia-ro","10":"tag-8554","11":"tag-ficcio","12":"tag-genere-negre","13":"tag-literatura","14":"tag-ramon-usall"},"_links":{"self":[{"href":"https:\/\/thelatin.news\/ro\/wp-json\/wp\/v2\/posts\/12184","targetHints":{"allow":["GET"]}}],"collection":[{"href":"https:\/\/thelatin.news\/ro\/wp-json\/wp\/v2\/posts"}],"about":[{"href":"https:\/\/thelatin.news\/ro\/wp-json\/wp\/v2\/types\/post"}],"author":[{"embeddable":true,"href":"https:\/\/thelatin.news\/ro\/wp-json\/wp\/v2\/users\/1"}],"replies":[{"embeddable":true,"href":"https:\/\/thelatin.news\/ro\/wp-json\/wp\/v2\/comments?post=12184"}],"version-history":[{"count":0,"href":"https:\/\/thelatin.news\/ro\/wp-json\/wp\/v2\/posts\/12184\/revisions"}],"wp:attachment":[{"href":"https:\/\/thelatin.news\/ro\/wp-json\/wp\/v2\/media?parent=12184"}],"wp:term":[{"taxonomy":"category","embeddable":true,"href":"https:\/\/thelatin.news\/ro\/wp-json\/wp\/v2\/categories?post=12184"},{"taxonomy":"post_tag","embeddable":true,"href":"https:\/\/thelatin.news\/ro\/wp-json\/wp\/v2\/tags?post=12184"}],"curies":[{"name":"wp","href":"https:\/\/api.w.org\/{rel}","templated":true}]}}