{"id":11874,"date":"2024-07-03T23:00:15","date_gmt":"2024-07-03T23:00:15","guid":{"rendered":"https:\/\/thelatin.news\/dna-l-a-retinut-pe-cezar-verziu-pentru-trafic-de-influenta\/"},"modified":"2024-07-03T23:00:15","modified_gmt":"2024-07-03T23:00:15","slug":"dna-l-a-retinut-pe-cezar-verziu-pentru-trafic-de-influenta","status":"publish","type":"post","link":"https:\/\/thelatin.news\/ro\/dna-l-a-retinut-pe-cezar-verziu-pentru-trafic-de-influenta\/","title":{"rendered":"DNA l-a re\u021binut pe Cezar Verziu pentru trafic de influen\u021b\u0103"},"content":{"rendered":"<p> <br \/>\n<\/p>\n<div>\n<p><strong> Direc\u021bia Na\u021bional\u0103 Anticorup\u021bie (DNA) l-a re\u021binut pentru 24 de ore pe omul de afaceri Cezar Verziu, pentru comiterea infrac\u021biunii de trafic de influen\u021b\u0103 \u00een form\u0103 continuat\u0103. Suma total\u0103 pretins\u0103 de acesta a fost de peste 100.000 de euro. <\/strong><\/p>\n<p>Cezar Verziu a fost re\u021binut de <a href=\"https:\/\/www.capital.ro\/seful-ipj-cluj-retinut-de-dna-este-acuzat-de-complicitate-la-abuz-in-serviciu-si-fals-in-declaratii.html\" target=\"_blank\" rel=\"noopener\">DNA<\/a>. Institu\u021bia a anun\u021bat miercuri, 3 iulie, c\u0103 procurorii au re\u021binut pentru 24 de ore un om de afaceri pentru comiterea infrac\u021biunii de trafic de influen\u021b\u0103 \u00een form\u0103 continuat\u0103.<\/p>\n<h2>Cezar Verziu a fost re\u021binut de DNA<\/h2>\n<p>Conform informa\u021biilor, este vorba despre Cezar Verziu, cofondator Fabrica de Sandwichuri din Bucure\u0219ti. Suma total\u0103 pretins\u0103 de&#8230;<\/p>\n<\/div>\n<p><br \/>\n<br \/><a href=\"https:\/\/www.capital.ro\/un-celebru-om-de-afaceri-din-romania-a-fost-retinut-de-dna-pentru-trafic-de-influenta.html\/amp\">surs\u0103<\/a><\/p>\n","protected":false},"excerpt":{"rendered":"<p>Direc\u021bia Na\u021bional\u0103 Anticorup\u021bie (DNA) l-a re\u021binut pentru 24 de ore pe omul de afaceri Cezar Verziu, pentru comiterea infrac\u021biunii de trafic de influen\u021b\u0103 \u00een form\u0103 continuat\u0103. Suma total\u0103 pretins\u0103 de acesta a fost de peste 100.000 de euro. Cezar Verziu a fost re\u021binut de DNA. Institu\u021bia a anun\u021bat miercuri, 3 iulie, c\u0103 procurorii au re\u021binut [&hellip;]<\/p>\n","protected":false},"author":1,"featured_media":0,"comment_status":"closed","ping_status":"closed","sticky":false,"template":"","format":"standard","meta":{"footnotes":""},"categories":[3281,2,88,3288],"tags":[],"class_list":{"0":"post-11874","1":"post","2":"type-post","3":"status-publish","4":"format-standard","6":"category-business-ro","7":"category-business","8":"category-romainia","9":"category-romainia-ro"},"_links":{"self":[{"href":"https:\/\/thelatin.news\/ro\/wp-json\/wp\/v2\/posts\/11874","targetHints":{"allow":["GET"]}}],"collection":[{"href":"https:\/\/thelatin.news\/ro\/wp-json\/wp\/v2\/posts"}],"about":[{"href":"https:\/\/thelatin.news\/ro\/wp-json\/wp\/v2\/types\/post"}],"author":[{"embeddable":true,"href":"https:\/\/thelatin.news\/ro\/wp-json\/wp\/v2\/users\/1"}],"replies":[{"embeddable":true,"href":"https:\/\/thelatin.news\/ro\/wp-json\/wp\/v2\/comments?post=11874"}],"version-history":[{"count":0,"href":"https:\/\/thelatin.news\/ro\/wp-json\/wp\/v2\/posts\/11874\/revisions"}],"wp:attachment":[{"href":"https:\/\/thelatin.news\/ro\/wp-json\/wp\/v2\/media?parent=11874"}],"wp:term":[{"taxonomy":"category","embeddable":true,"href":"https:\/\/thelatin.news\/ro\/wp-json\/wp\/v2\/categories?post=11874"},{"taxonomy":"post_tag","embeddable":true,"href":"https:\/\/thelatin.news\/ro\/wp-json\/wp\/v2\/tags?post=11874"}],"curies":[{"name":"wp","href":"https:\/\/api.w.org\/{rel}","templated":true}]}}