{"id":11868,"date":"2024-07-03T22:00:12","date_gmt":"2024-07-03T22:00:12","guid":{"rendered":"https:\/\/thelatin.news\/noul-observator-astronomic-the-portugal-news\/"},"modified":"2024-07-03T22:00:12","modified_gmt":"2024-07-03T22:00:12","slug":"noul-observator-astronomic-the-portugal-news","status":"publish","type":"post","link":"https:\/\/thelatin.news\/ro\/noul-observator-astronomic-the-portugal-news\/","title":{"rendered":"Noul Observator Astronomic &#8211; The Portugal News"},"content":{"rendered":"<p> <br \/>\n<\/p>\n<div>\n<p class=\"text-paragraph\">Proiectul condus de Agen\u021bia <a href=\"https:\/\/www.aldeiasdoxisto.pt\/pt\/quem-somos\/adxtur\/\" target=\"_blank\" rel=\"noopener\">Adxtur<\/a> pentru Dezvoltarea Turistic\u0103 din Aldeias do Xisto, \u00een co-promovare cu municipalitatea respectiv\u0103 din interiorul districtului Coimbra, constituie ancora strategiei de destina\u021bie turistic\u0103 Aldeias do Xisto \u00e2 Starlight.<\/p>\n<p class=\"text-paragraph\">Din 2019, teritoriul muntos Pampilhosa da Serra a devenit destina\u021bia de alegere pentru oricine este interesat s\u0103 observe cosmosul \u0219i rela\u021bia dintre p\u0103m\u00e2nt \u0219i cer, datorit\u0103 loca\u021biei sale \u0219i vizibilit\u0103\u021bii excelente, transparen\u021bei, \u00eentunericului \u0219i num\u0103rului de nop\u021bi cu cer senin.<\/p>\n<p class=\"text-paragraph\">Primarul, Jorge Cust\u00e3\u00b3dio, are mari speran\u021be pentru Geoscope, pe care \u00eel consider\u0103 a fi&#8230;<\/p>\n<\/div>\n<p><br \/>\n<br \/><a href=\"https:\/\/www.theportugalnews.com\/ro\/stiri\/2024-06-29\/noul-observator-astronomic\/90256\">surs\u0103<\/a><\/p>\n","protected":false},"excerpt":{"rendered":"<p>Proiectul condus de Agen\u021bia Adxtur pentru Dezvoltarea Turistic\u0103 din Aldeias do Xisto, \u00een co-promovare cu municipalitatea respectiv\u0103 din interiorul districtului Coimbra, constituie ancora strategiei de destina\u021bie turistic\u0103 Aldeias do Xisto \u00e2 Starlight. Din 2019, teritoriul muntos Pampilhosa da Serra a devenit destina\u021bia de alegere pentru oricine este interesat s\u0103 observe cosmosul \u0219i rela\u021bia dintre p\u0103m\u00e2nt [&hellip;]<\/p>\n","protected":false},"author":1,"featured_media":0,"comment_status":"closed","ping_status":"closed","sticky":false,"template":"","format":"standard","meta":{"footnotes":""},"categories":[3282,82,83,3287],"tags":[],"class_list":{"0":"post-11868","1":"post","2":"type-post","3":"status-publish","4":"format-standard","6":"category-entertainment-ro","7":"category-entertainment","8":"category-portugal","9":"category-portugal-ro"},"_links":{"self":[{"href":"https:\/\/thelatin.news\/ro\/wp-json\/wp\/v2\/posts\/11868","targetHints":{"allow":["GET"]}}],"collection":[{"href":"https:\/\/thelatin.news\/ro\/wp-json\/wp\/v2\/posts"}],"about":[{"href":"https:\/\/thelatin.news\/ro\/wp-json\/wp\/v2\/types\/post"}],"author":[{"embeddable":true,"href":"https:\/\/thelatin.news\/ro\/wp-json\/wp\/v2\/users\/1"}],"replies":[{"embeddable":true,"href":"https:\/\/thelatin.news\/ro\/wp-json\/wp\/v2\/comments?post=11868"}],"version-history":[{"count":0,"href":"https:\/\/thelatin.news\/ro\/wp-json\/wp\/v2\/posts\/11868\/revisions"}],"wp:attachment":[{"href":"https:\/\/thelatin.news\/ro\/wp-json\/wp\/v2\/media?parent=11868"}],"wp:term":[{"taxonomy":"category","embeddable":true,"href":"https:\/\/thelatin.news\/ro\/wp-json\/wp\/v2\/categories?post=11868"},{"taxonomy":"post_tag","embeddable":true,"href":"https:\/\/thelatin.news\/ro\/wp-json\/wp\/v2\/tags?post=11868"}],"curies":[{"name":"wp","href":"https:\/\/api.w.org\/{rel}","templated":true}]}}