{"id":11282,"date":"2024-06-19T23:00:14","date_gmt":"2024-06-19T23:00:14","guid":{"rendered":"https:\/\/thelatin.news\/populatia-r-moldova-in-scadere-cu-28-fata-de-anul-2023-tv-nord\/"},"modified":"2024-06-19T23:00:14","modified_gmt":"2024-06-19T23:00:14","slug":"populatia-r-moldova-in-scadere-cu-28-fata-de-anul-2023-tv-nord","status":"publish","type":"post","link":"https:\/\/thelatin.news\/ro\/populatia-r-moldova-in-scadere-cu-28-fata-de-anul-2023-tv-nord\/","title":{"rendered":"Popula\u021bia R. Moldova, \u00een sc\u0103dere cu 2,8% fa\u021b\u0103 de anul 2023 &#8211; TV-Nord"},"content":{"rendered":"<p> <br \/>\n<\/p>\n<div>\n<div class=\"article-lead mb-3\">\n<p><strong>La \u00eenceputul anului 2024, 2 423,3 mii de persoane reprezentau popula\u021bia Republicii Moldova, ceea ce reprezint\u0103 cu 69 de mii de persoane sau cu 2,8% mai pu\u021bin dec\u00e2t \u00een 2023.\u00a0<\/strong><\/p>\n<\/div>\n<p>Potrivit Biroului Na\u021bional de Statistic\u0103, sc\u0103derea popula\u021biei a fost mai pronun\u021bat\u0103 \u00een mediul rural \u2013 cu 3,6% mai pu\u021bin comparativ cu anul 2023, iar \u00een mediul urban \u2013 cu 1,6 % mai pu\u021bin, se arat\u0103 \u00een datele prezentate ast\u0103zi de Biroul Na\u021bional de Statistic\u0103.<\/p>\n<p>Ca \u0219i \u00een anii preceden\u021bi, sc\u0103derea num\u0103rului popula\u021biei a fost influen\u021bat\u0103 \u00een mare parte de migra\u021bie. \u00cen anul 2022 aceasta a \u00eenregistrat valoarea de -63,6 mii de persoane,&#8230;<\/p>\n<\/div>\n<p><br \/>\n<br \/><a href=\"https:\/\/tvn.md\/populatia-r-moldova-in-scadere-cu-28-fata-de-anul-2023\/\">surs\u0103<\/a><\/p>\n","protected":false},"excerpt":{"rendered":"<p>La \u00eenceputul anului 2024, 2 423,3 mii de persoane reprezentau popula\u021bia Republicii Moldova, ceea ce reprezint\u0103 cu 69 de mii de persoane sau cu 2,8% mai pu\u021bin dec\u00e2t \u00een 2023.\u00a0 Potrivit Biroului Na\u021bional de Statistic\u0103, sc\u0103derea popula\u021biei a fost mai pronun\u021bat\u0103 \u00een mediul rural \u2013 cu 3,6% mai pu\u021bin comparativ cu anul 2023, iar \u00een [&hellip;]<\/p>\n","protected":false},"author":1,"featured_media":0,"comment_status":"closed","ping_status":"closed","sticky":false,"template":"","format":"standard","meta":{"footnotes":""},"categories":[3282,82,87,3286],"tags":[7712,3145,7713],"class_list":{"0":"post-11282","1":"post","2":"type-post","3":"status-publish","4":"format-standard","6":"category-entertainment-ro","7":"category-entertainment","8":"category-modolva","9":"category-modolva-ro","10":"tag-bns","11":"tag-moldova","12":"tag-populatie"},"_links":{"self":[{"href":"https:\/\/thelatin.news\/ro\/wp-json\/wp\/v2\/posts\/11282","targetHints":{"allow":["GET"]}}],"collection":[{"href":"https:\/\/thelatin.news\/ro\/wp-json\/wp\/v2\/posts"}],"about":[{"href":"https:\/\/thelatin.news\/ro\/wp-json\/wp\/v2\/types\/post"}],"author":[{"embeddable":true,"href":"https:\/\/thelatin.news\/ro\/wp-json\/wp\/v2\/users\/1"}],"replies":[{"embeddable":true,"href":"https:\/\/thelatin.news\/ro\/wp-json\/wp\/v2\/comments?post=11282"}],"version-history":[{"count":0,"href":"https:\/\/thelatin.news\/ro\/wp-json\/wp\/v2\/posts\/11282\/revisions"}],"wp:attachment":[{"href":"https:\/\/thelatin.news\/ro\/wp-json\/wp\/v2\/media?parent=11282"}],"wp:term":[{"taxonomy":"category","embeddable":true,"href":"https:\/\/thelatin.news\/ro\/wp-json\/wp\/v2\/categories?post=11282"},{"taxonomy":"post_tag","embeddable":true,"href":"https:\/\/thelatin.news\/ro\/wp-json\/wp\/v2\/tags?post=11282"}],"curies":[{"name":"wp","href":"https:\/\/api.w.org\/{rel}","templated":true}]}}