{"id":10368,"date":"2024-06-07T10:13:04","date_gmt":"2024-06-07T10:13:04","guid":{"rendered":"https:\/\/thelatin.news\/el-ministro-de-sanidad-anuncia-oficialmente-una-decision-gubernamental-importante-para-el-futuro-de-rumania-idevice-ro\/"},"modified":"2024-06-07T10:13:04","modified_gmt":"2024-06-07T10:13:04","slug":"el-ministro-de-sanidad-anuncia-oficialmente-una-decision-gubernamental-importante-para-el-futuro-de-rumania-idevice-ro","status":"publish","type":"post","link":"https:\/\/thelatin.news\/ro\/el-ministro-de-sanidad-anuncia-oficialmente-una-decision-gubernamental-importante-para-el-futuro-de-rumania-idevice-ro\/","title":{"rendered":"El Ministro de Sanidad anuncia oficialmente una decisi\u00f3n gubernamental IMPORTANTE para el futuro de Ruman\u00eda iDevice.ro"},"content":{"rendered":"<p> <br \/>\n<\/p>\n<div>\n<p class=\"acss9ebb7\">El ministro de Sanidad anuncia oficialmente una decisi\u00f3n gubernamental de suma importancia para el futuro de Ruman\u00eda, y es que el ministro del PSD, Alexandru Rafila, llama la atenci\u00f3n de todos los rumanos sobre la aprobaci\u00f3n de la Estrategia Nacional de Salud 2023-2030. con un plan de acciones para su implementaci\u00f3n en Ruman\u00eda.<\/p>\n<p class=\"acss9ebb7\">El Ministro de Salud explica a continuaci\u00f3n por qu\u00e9 es importante esta Estrategia Nacional de Salud, y por qu\u00e9 el plan de acci\u00f3n que han pensado las autoridades es uno que debe adoptarse mediante una decisi\u00f3n de Gobierno de este tipo, y se adoptar\u00eda despu\u00e9s de que pase por el proceso decisional&#8230;.<\/p>\n<\/div>\n<p><br \/>\n<br \/><a href=\"https:\/\/www.idevice.ro\/es\/2023\/04\/15\/el-Ministro-de-Salud-Alexandru-Rafila-anuncia-oficialmente-una-importante-decisi%C3%B3n-gubernamental-sobre-el-futuro-de-Rumania-546085\/amp\/\">surs\u0103<\/a><\/p>\n","protected":false},"excerpt":{"rendered":"<p>El ministro de Sanidad anuncia oficialmente una decisi\u00f3n gubernamental de suma importancia para el futuro de Ruman\u00eda, y es que el ministro del PSD, Alexandru Rafila, llama la atenci\u00f3n de todos los rumanos sobre la aprobaci\u00f3n de la Estrategia Nacional de Salud 2023-2030. con un plan de acciones para su implementaci\u00f3n en Ruman\u00eda. El Ministro [&hellip;]<\/p>\n","protected":false},"author":1,"featured_media":0,"comment_status":"closed","ping_status":"closed","sticky":false,"template":"","format":"standard","meta":{"footnotes":""},"categories":[3301,3285,3286,3302],"tags":[],"class_list":{"0":"post-10368","1":"post","2":"type-post","3":"status-publish","4":"format-standard","6":"category-lifestyle-es","7":"category-lifestyle-ro","8":"category-modolva-ro","9":"category-modolva-es"},"_links":{"self":[{"href":"https:\/\/thelatin.news\/ro\/wp-json\/wp\/v2\/posts\/10368","targetHints":{"allow":["GET"]}}],"collection":[{"href":"https:\/\/thelatin.news\/ro\/wp-json\/wp\/v2\/posts"}],"about":[{"href":"https:\/\/thelatin.news\/ro\/wp-json\/wp\/v2\/types\/post"}],"author":[{"embeddable":true,"href":"https:\/\/thelatin.news\/ro\/wp-json\/wp\/v2\/users\/1"}],"replies":[{"embeddable":true,"href":"https:\/\/thelatin.news\/ro\/wp-json\/wp\/v2\/comments?post=10368"}],"version-history":[{"count":0,"href":"https:\/\/thelatin.news\/ro\/wp-json\/wp\/v2\/posts\/10368\/revisions"}],"wp:attachment":[{"href":"https:\/\/thelatin.news\/ro\/wp-json\/wp\/v2\/media?parent=10368"}],"wp:term":[{"taxonomy":"category","embeddable":true,"href":"https:\/\/thelatin.news\/ro\/wp-json\/wp\/v2\/categories?post=10368"},{"taxonomy":"post_tag","embeddable":true,"href":"https:\/\/thelatin.news\/ro\/wp-json\/wp\/v2\/tags?post=10368"}],"curies":[{"name":"wp","href":"https:\/\/api.w.org\/{rel}","templated":true}]}}