{"id":9065,"date":"2024-06-05T17:25:19","date_gmt":"2024-06-05T17:25:19","guid":{"rendered":"https:\/\/thelatin.news\/italia-proibe-carnes-cultivadas-em-laboratorio\/"},"modified":"2024-06-05T17:25:19","modified_gmt":"2024-06-05T17:25:19","slug":"italia-proibe-carnes-cultivadas-em-laboratorio","status":"publish","type":"post","link":"https:\/\/thelatin.news\/pt-br\/italia-proibe-carnes-cultivadas-em-laboratorio\/","title":{"rendered":"It\u00e1lia pro\u00edbe carnes &#8216;cultivadas&#8217; em laborat\u00f3rio"},"content":{"rendered":"<p> <br \/>\n<\/p>\n<div>\n<p>Os deputados italianos recentemente votaram pela proibi\u00e7\u00e3o da <a href=\"https:\/\/www.megacurioso.com.br\/ciencia\/125162-carnes-feitas-em-laboratorio-sao-boas-para-o-meio-ambiente.htm\" rel=\"noopener noreferrer\" target=\"_blank\">carne cultivada em laborat\u00f3rio<\/a> na It\u00e1lia, o que significa que apenas dois pa\u00edses no mundo sigam aprovando o consumo desse tipo de produto: Estados Unidos e Singapura. A decis\u00e3o, no entanto, \u00e9 vista como algo bastante pol\u00eamico.\u00a0<\/p>\n<p>A nova legisla\u00e7\u00e3o, liderada pelo governo de direita da primeira-ministra Giorgia Meloni, suspenderia qualquer produ\u00e7\u00e3o, venda ou importa\u00e7\u00e3o de carne cultivada, ou ra\u00e7\u00e3o animal \u2014 viola\u00e7\u00f5es resultariam em multas de at\u00e9 60 mil euros. Segundo o relat\u00f3rio emitido pelo parlamento italiano, carnes cultivadas em laborat\u00f3rio geram uma&#8230;<\/p>\n<\/div>\n<p><br \/>\n<br \/><a href=\"https:\/\/www.megacurioso.com.br\/estilo-de-vida\/128129-italia-proibe-carnes-cultivadas-em-laboratorio.htm\">Fonte<\/a><\/p>\n","protected":false},"excerpt":{"rendered":"<p>Os deputados italianos recentemente votaram pela proibi\u00e7\u00e3o da carne cultivada em laborat\u00f3rio na It\u00e1lia, o que significa que apenas dois pa\u00edses no mundo sigam aprovando o consumo desse tipo de produto: Estados Unidos e Singapura. A decis\u00e3o, no entanto, \u00e9 vista como algo bastante pol\u00eamico.\u00a0 A nova legisla\u00e7\u00e3o, liderada pelo governo de direita da primeira-ministra [&hellip;]<\/p>\n","protected":false},"author":1,"featured_media":0,"comment_status":"closed","ping_status":"closed","sticky":false,"template":"","format":"standard","meta":{"footnotes":""},"categories":[3269,3271],"tags":[],"class_list":{"0":"post-9065","1":"post","2":"type-post","3":"status-publish","4":"format-standard","6":"category-lifestyle-pt","7":"category-portugal-pt"},"_links":{"self":[{"href":"https:\/\/thelatin.news\/pt-br\/wp-json\/wp\/v2\/posts\/9065","targetHints":{"allow":["GET"]}}],"collection":[{"href":"https:\/\/thelatin.news\/pt-br\/wp-json\/wp\/v2\/posts"}],"about":[{"href":"https:\/\/thelatin.news\/pt-br\/wp-json\/wp\/v2\/types\/post"}],"author":[{"embeddable":true,"href":"https:\/\/thelatin.news\/pt-br\/wp-json\/wp\/v2\/users\/1"}],"replies":[{"embeddable":true,"href":"https:\/\/thelatin.news\/pt-br\/wp-json\/wp\/v2\/comments?post=9065"}],"version-history":[{"count":0,"href":"https:\/\/thelatin.news\/pt-br\/wp-json\/wp\/v2\/posts\/9065\/revisions"}],"wp:attachment":[{"href":"https:\/\/thelatin.news\/pt-br\/wp-json\/wp\/v2\/media?parent=9065"}],"wp:term":[{"taxonomy":"category","embeddable":true,"href":"https:\/\/thelatin.news\/pt-br\/wp-json\/wp\/v2\/categories?post=9065"},{"taxonomy":"post_tag","embeddable":true,"href":"https:\/\/thelatin.news\/pt-br\/wp-json\/wp\/v2\/tags?post=9065"}],"curies":[{"name":"wp","href":"https:\/\/api.w.org\/{rel}","templated":true}]}}