{"id":8998,"date":"2024-06-05T17:17:58","date_gmt":"2024-06-05T17:17:58","guid":{"rendered":"https:\/\/thelatin.news\/mickey-aterrissa-no-grupo-cidade-para-o-start-do-padrao-disney-na-empresa\/"},"modified":"2024-06-05T17:17:58","modified_gmt":"2024-06-05T17:17:58","slug":"mickey-aterrissa-no-grupo-cidade-para-o-start-do-padrao-disney-na-empresa","status":"publish","type":"post","link":"https:\/\/thelatin.news\/pt-br\/mickey-aterrissa-no-grupo-cidade-para-o-start-do-padrao-disney-na-empresa\/","title":{"rendered":"Mickey aterrissa no Grupo Cidade para o start do Padr\u00e3o Disney na empresa"},"content":{"rendered":"<p> <br \/>\n<\/p>\n<div id=\"divContent\">\n<p style=\"text-align: justify;\">Ic\u00f4nico e hist\u00f3rico personagem, Mickey aterrissou no Grupo Cidade, ao lado da mentora empresarial e trainer Disney Ge\u00f3rgia Brasil Pontes, para o evento de apresenta\u00e7\u00e3o e formata\u00e7\u00e3o do in\u00edcio da implanta\u00e7\u00e3o do Padr\u00e3o Disney na empresa. A solenidade reuniu colaboradores de todos os setores na manh\u00e3 desta sexta-feira, 1\u00ba de mar\u00e7o de 2024.<\/p>\n<p style=\"text-align: justify;\">\u00a0<\/p>\n<p style=\"text-align: justify;\">O presidente do GCC, Miguel Dias Filho, e as irm\u00e3s e s\u00f3cias-propriet\u00e1rias, Ga\u00edda Dias e Mayara Silva, celebraram o novo momento junto \u00e0 equipe, em festa que teve decora\u00e7\u00e3o de Dudabaluza Festas, estrutura e ilumina\u00e7\u00e3o de A2 Solu\u00e7\u00f5es, bal\u00f5es de Arte Bola Bal\u00f5es, doces de&#8230;<\/p>\n<\/div>\n<p><br \/>\n<br \/><a href=\"https:\/\/www.frissononline.com.br\/eventos\/161352\/mickey-aterrissa-no-grupo-cidade-para-o-start-do-padrao-disney-na-empresa\">Fonte<\/a><\/p>\n","protected":false},"excerpt":{"rendered":"<p>Ic\u00f4nico e hist\u00f3rico personagem, Mickey aterrissou no Grupo Cidade, ao lado da mentora empresarial e trainer Disney Ge\u00f3rgia Brasil Pontes, para o evento de apresenta\u00e7\u00e3o e formata\u00e7\u00e3o do in\u00edcio da implanta\u00e7\u00e3o do Padr\u00e3o Disney na empresa. A solenidade reuniu colaboradores de todos os setores na manh\u00e3 desta sexta-feira, 1\u00ba de mar\u00e7o de 2024. \u00a0 O [&hellip;]<\/p>\n","protected":false},"author":1,"featured_media":0,"comment_status":"closed","ping_status":"closed","sticky":false,"template":"","format":"standard","meta":{"footnotes":""},"categories":[3270,3265],"tags":[6035,6038,6037,6036],"class_list":{"0":"post-8998","1":"post","2":"type-post","3":"status-publish","4":"format-standard","6":"category-modolva-pt","7":"category-business-pt","8":"tag-a-magia-esta-no-ar","9":"tag-disney","10":"tag-georgia-brasil-pontes","11":"tag-grupo-cidade-de-comunicacao"},"_links":{"self":[{"href":"https:\/\/thelatin.news\/pt-br\/wp-json\/wp\/v2\/posts\/8998","targetHints":{"allow":["GET"]}}],"collection":[{"href":"https:\/\/thelatin.news\/pt-br\/wp-json\/wp\/v2\/posts"}],"about":[{"href":"https:\/\/thelatin.news\/pt-br\/wp-json\/wp\/v2\/types\/post"}],"author":[{"embeddable":true,"href":"https:\/\/thelatin.news\/pt-br\/wp-json\/wp\/v2\/users\/1"}],"replies":[{"embeddable":true,"href":"https:\/\/thelatin.news\/pt-br\/wp-json\/wp\/v2\/comments?post=8998"}],"version-history":[{"count":0,"href":"https:\/\/thelatin.news\/pt-br\/wp-json\/wp\/v2\/posts\/8998\/revisions"}],"wp:attachment":[{"href":"https:\/\/thelatin.news\/pt-br\/wp-json\/wp\/v2\/media?parent=8998"}],"wp:term":[{"taxonomy":"category","embeddable":true,"href":"https:\/\/thelatin.news\/pt-br\/wp-json\/wp\/v2\/categories?post=8998"},{"taxonomy":"post_tag","embeddable":true,"href":"https:\/\/thelatin.news\/pt-br\/wp-json\/wp\/v2\/tags?post=8998"}],"curies":[{"name":"wp","href":"https:\/\/api.w.org\/{rel}","templated":true}]}}