{"id":8960,"date":"2024-06-05T17:17:09","date_gmt":"2024-06-05T17:17:09","guid":{"rendered":"https:\/\/thelatin.news\/perto-de-aposentadoria-gerard-pique-compra-clube-da-quinta-divisao-da-espanha-futebol-internacional\/"},"modified":"2024-06-05T17:17:09","modified_gmt":"2024-06-05T17:17:09","slug":"perto-de-aposentadoria-gerard-pique-compra-clube-da-quinta-divisao-da-espanha-futebol-internacional","status":"publish","type":"post","link":"https:\/\/thelatin.news\/pt-br\/perto-de-aposentadoria-gerard-pique-compra-clube-da-quinta-divisao-da-espanha-futebol-internacional\/","title":{"rendered":"Perto de aposentadoria, Gerard Piqu\u00e9 compra clube da quinta divis\u00e3o da Espanha | futebol internacional"},"content":{"rendered":"<p> <br \/>\n<\/p>\n<div id=\"\">\n<div id=\"chunk-9be7b\">\n<p>Tendo fortes liga\u00e7\u00f5es com a Catalunha, o FC Andorra \u00e9 um clube do principado hom\u00f4nimo e fundado em 1942 em Andorra la Vieja, capital do microestado europeu. <\/p>\n<\/p><\/div>\n<div id=\"chunk-apdrb\">\n<p>Ainda na depend\u00eancia de acertar alguns detalhes burocr\u00e1ticos, a empresa de Piqu\u00e9 vai comandar o clube atrav\u00e9s de uma sociedade an\u00f4nima amparada pela nova lei do esporte de Andorra. A inten\u00e7\u00e3o, explicada durante a assembleia que aprovou a venda ao Kosmos, \u00e9 injetar 300 mil euros por ano (cerca de R$ 1,3 milh\u00e3o) e liquidar uma d\u00edvida no mesmo valor, mas que pode chegar at\u00e9 600 mil euros (cerca de R$ 2,6 milh\u00f5es).<\/p>\n<\/p><\/div>\n<div id=\"chunk-7s26d\">\n<p>Outras metas s\u00e3o: recuperar as categorias de&#8230;<\/p>\n<\/div>\n<\/div>\n<p><br \/>\n<br \/><a href=\"https:\/\/ge.globo.com\/google\/amp\/futebol\/futebol-internacional\/noticia\/perto-de-aposentadoria-gerard-pique-compra-clube-da-quinta-divisao-da-espanha.ghtml\">Fonte<\/a><\/p>\n","protected":false},"excerpt":{"rendered":"<p>Tendo fortes liga\u00e7\u00f5es com a Catalunha, o FC Andorra \u00e9 um clube do principado hom\u00f4nimo e fundado em 1942 em Andorra la Vieja, capital do microestado europeu. Ainda na depend\u00eancia de acertar alguns detalhes burocr\u00e1ticos, a empresa de Piqu\u00e9 vai comandar o clube atrav\u00e9s de uma sociedade an\u00f4nima amparada pela nova lei do esporte de [&hellip;]<\/p>\n","protected":false},"author":1,"featured_media":0,"comment_status":"closed","ping_status":"closed","sticky":false,"template":"","format":"standard","meta":{"footnotes":""},"categories":[3264,3265],"tags":[],"class_list":{"0":"post-8960","1":"post","2":"type-post","3":"status-publish","4":"format-standard","6":"category-andora-pt","7":"category-business-pt"},"_links":{"self":[{"href":"https:\/\/thelatin.news\/pt-br\/wp-json\/wp\/v2\/posts\/8960","targetHints":{"allow":["GET"]}}],"collection":[{"href":"https:\/\/thelatin.news\/pt-br\/wp-json\/wp\/v2\/posts"}],"about":[{"href":"https:\/\/thelatin.news\/pt-br\/wp-json\/wp\/v2\/types\/post"}],"author":[{"embeddable":true,"href":"https:\/\/thelatin.news\/pt-br\/wp-json\/wp\/v2\/users\/1"}],"replies":[{"embeddable":true,"href":"https:\/\/thelatin.news\/pt-br\/wp-json\/wp\/v2\/comments?post=8960"}],"version-history":[{"count":0,"href":"https:\/\/thelatin.news\/pt-br\/wp-json\/wp\/v2\/posts\/8960\/revisions"}],"wp:attachment":[{"href":"https:\/\/thelatin.news\/pt-br\/wp-json\/wp\/v2\/media?parent=8960"}],"wp:term":[{"taxonomy":"category","embeddable":true,"href":"https:\/\/thelatin.news\/pt-br\/wp-json\/wp\/v2\/categories?post=8960"},{"taxonomy":"post_tag","embeddable":true,"href":"https:\/\/thelatin.news\/pt-br\/wp-json\/wp\/v2\/tags?post=8960"}],"curies":[{"name":"wp","href":"https:\/\/api.w.org\/{rel}","templated":true}]}}