{"id":8918,"date":"2024-06-05T17:16:36","date_gmt":"2024-06-05T17:16:36","guid":{"rendered":"https:\/\/thelatin.news\/juliano-e-leticia-cazarre-encontram-com-o-papa-em-viagem-a-italia-entretenimento\/"},"modified":"2024-06-05T17:16:36","modified_gmt":"2024-06-05T17:16:36","slug":"juliano-e-leticia-cazarre-encontram-com-o-papa-em-viagem-a-italia-entretenimento","status":"publish","type":"post","link":"https:\/\/thelatin.news\/pt-br\/juliano-e-leticia-cazarre-encontram-com-o-papa-em-viagem-a-italia-entretenimento\/","title":{"rendered":"Juliano e Let\u00edcia Cazarr\u00e9 encontram com o papa em viagem \u00e0 It\u00e1lia &#8211; Entretenimento"},"content":{"rendered":"<p> <br \/>\n<\/p>\n<div>\n<p>                <a href=\"https:\/\/www.uol.com.br\/\" target=\"_blank\" rel=\"noopener\"><br \/>\n                    <amp-img src=\"https:\/\/conteudo.imguol.com.br\/c\/_layout\/v3\/logoUOL2021\/uol2021_completo_black_89x32.png\" alt=\"do UOL\" width=\"55\" height=\"22\"\/><br \/>\n                <\/a><\/p>\n<p class=\"R\">Colabora\u00e7\u00e3o para Splash, em S\u00e3o Paulo<\/p>\n<p class=\"S T\">22\/05\/2024 09h22<span class=\"U\">Atualizada em 22\/05\/2024 10h08<\/span> <\/p>\n<\/p><\/div>\n<div>\n<p>Na manh\u00e3 de hoje, <a href=\"https:\/\/www.uol.com.br\/splash\/noticias\/2024\/04\/10\/leticia-cazarre-relata-susto-com-filha-a-vi-quase-morrer-em-meus-bracos.htm\">Leticia Cazarr\u00e9<\/a> compartilhou alguns registros de viagem com <a href=\"https:\/\/www.uol.com.br\/splash\/noticias\/2023\/09\/07\/juliano-cazarre-rechaca-criticas-pelo-sexto-filho-declinio-moral.htm\">Juliano Cazarr\u00e9 <\/a>para a It\u00e1lia, e mostrou que o casal se encontrou com o papa Francisco.<\/p>\n<h2>O que aconteceu<\/h2>\n<p><span class=\"W\"><strong>O casal compareceu \u00e0 audi\u00eancia papal<\/strong> que aconteceu nesta quarta-feira, 22, no Vaticano, onde conheceram o papa.<\/span><\/p>\n<p>                                              &#8230;<\/p><\/div>\n<p><br \/>\n<br \/><a href=\"https:\/\/www.bol.uol.com.br\/entretenimento\/2024\/05\/22\/juliano-e-leticia-cazarre-encontram-com-o-papa-em-para-italia.amp.htm\">Fonte<\/a><\/p>\n","protected":false},"excerpt":{"rendered":"<p>Colabora\u00e7\u00e3o para Splash, em S\u00e3o Paulo 22\/05\/2024 09h22Atualizada em 22\/05\/2024 10h08 Na manh\u00e3 de hoje, Leticia Cazarr\u00e9 compartilhou alguns registros de viagem com Juliano Cazarr\u00e9 para a It\u00e1lia, e mostrou que o casal se encontrou com o papa Francisco. O que aconteceu O casal compareceu \u00e0 audi\u00eancia papal que aconteceu nesta quarta-feira, 22, no Vaticano, [&hellip;]<\/p>\n","protected":false},"author":1,"featured_media":0,"comment_status":"closed","ping_status":"closed","sticky":false,"template":"","format":"standard","meta":{"footnotes":""},"categories":[3268,3276],"tags":[],"class_list":{"0":"post-8918","1":"post","2":"type-post","3":"status-publish","4":"format-standard","6":"category-italy-pt","7":"category-travel-pt"},"_links":{"self":[{"href":"https:\/\/thelatin.news\/pt-br\/wp-json\/wp\/v2\/posts\/8918","targetHints":{"allow":["GET"]}}],"collection":[{"href":"https:\/\/thelatin.news\/pt-br\/wp-json\/wp\/v2\/posts"}],"about":[{"href":"https:\/\/thelatin.news\/pt-br\/wp-json\/wp\/v2\/types\/post"}],"author":[{"embeddable":true,"href":"https:\/\/thelatin.news\/pt-br\/wp-json\/wp\/v2\/users\/1"}],"replies":[{"embeddable":true,"href":"https:\/\/thelatin.news\/pt-br\/wp-json\/wp\/v2\/comments?post=8918"}],"version-history":[{"count":0,"href":"https:\/\/thelatin.news\/pt-br\/wp-json\/wp\/v2\/posts\/8918\/revisions"}],"wp:attachment":[{"href":"https:\/\/thelatin.news\/pt-br\/wp-json\/wp\/v2\/media?parent=8918"}],"wp:term":[{"taxonomy":"category","embeddable":true,"href":"https:\/\/thelatin.news\/pt-br\/wp-json\/wp\/v2\/categories?post=8918"},{"taxonomy":"post_tag","embeddable":true,"href":"https:\/\/thelatin.news\/pt-br\/wp-json\/wp\/v2\/tags?post=8918"}],"curies":[{"name":"wp","href":"https:\/\/api.w.org\/{rel}","templated":true}]}}