{"id":8910,"date":"2024-06-05T17:16:32","date_gmt":"2024-06-05T17:16:32","guid":{"rendered":"https:\/\/thelatin.news\/chef-de-familia-tv-vitoria\/"},"modified":"2024-06-05T17:16:32","modified_gmt":"2024-06-05T17:16:32","slug":"chef-de-familia-tv-vitoria","status":"publish","type":"post","link":"https:\/\/thelatin.news\/pt-br\/chef-de-familia-tv-vitoria\/","title":{"rendered":"Chef de Fam\u00edlia &#8211; Tv Vit\u00f3ria"},"content":{"rendered":"<p> <br \/>\n<\/p>\n<div>\n                    <time>Publicado em: 07\/11\/2018 \u00e0s 19:25:24<\/time><\/p>\n<p><img loading=\"lazy\" loading=\"lazy\" decoding=\"async\" class=\"aligncenter size-full wp-image-2395\" src=\"https:\/\/www.folhavitoria.com.br\/entretenimento\/chef-de-familia\/wp-content\/uploads\/2018\/11\/finalostas.jpg\" alt=\"\" width=\"956\" height=\"709\" srcset=\"https:\/\/www.folhavitoria.com.br\/entretenimento\/chef-de-familia\/wp-content\/uploads\/2018\/11\/finalostas.jpg 956w, https:\/\/www.folhavitoria.com.br\/entretenimento\/chef-de-familia\/wp-content\/uploads\/2018\/11\/finalostas-300x222.jpg 300w, https:\/\/www.folhavitoria.com.br\/entretenimento\/chef-de-familia\/wp-content\/uploads\/2018\/11\/finalostas-768x570.jpg 768w\" sizes=\"auto, (max-width: 956px) 100vw, 956px\"\/><\/p>\n<p>Faltando poucos dias para a grande final do <strong>Chef de Fam\u00edlia<\/strong>, que acontece no pr\u00f3ximo s\u00e1bado, \u00e0s 14 horas, com transmiss\u00e3o ao vivo, da <strong>TV Vit\u00f3ria\/Record TV<\/strong>, Marina e Marcelo vivem momentos de expectativa.<\/p>\n<p>Na \u00faltima segunda-feira, os participantes disputam a <a href=\"https:\/\/www.folhavitoria.com.br\/entretenimento\/chef-de-familia\/noticias\/10-jurados-vao-definir-o-campeao-do-reality-chef-de-familia\/\">prova que ir\u00e1 definir o grande campe\u00e3o da segunda temporada do reality<\/a>. Nela, cada competidor elaborou um menu completo, com entrada, prato principal e sobremesa, que foi avaliado por dez jurados, entre eles, dois jurados t\u00e9cnicos,\u00a0o chef Cl\u00f3vis Lima (Cear\u00e1) e Gide\u00e3o Reis, vencedor da primeira temporada do&#8230;<\/p>\n<\/div>\n<p><br \/>\n<br \/><a href=\"https:\/\/www.folhavitoria.com.br\/entretenimento\/chef-de-familia\/noticias\/chef-de-familia-marcelo-e-marina-apostam-em-menu-especial-para-vencer-o-reality\/\">Fonte<\/a><\/p>\n","protected":false},"excerpt":{"rendered":"<p>Publicado em: 07\/11\/2018 \u00e0s 19:25:24 Faltando poucos dias para a grande final do Chef de Fam\u00edlia, que acontece no pr\u00f3ximo s\u00e1bado, \u00e0s 14 horas, com transmiss\u00e3o ao vivo, da TV Vit\u00f3ria\/Record TV, Marina e Marcelo vivem momentos de expectativa. Na \u00faltima segunda-feira, os participantes disputam a prova que ir\u00e1 definir o grande campe\u00e3o da segunda [&hellip;]<\/p>\n","protected":false},"author":1,"featured_media":0,"comment_status":"closed","ping_status":"closed","sticky":false,"template":"","format":"standard","meta":{"footnotes":""},"categories":[3264,3266,3265],"tags":[5968,5974,5971,5972,5973,5975,5969,5966,5970],"class_list":{"0":"post-8910","1":"post","2":"type-post","3":"status-publish","4":"format-standard","6":"category-andora-pt","7":"category-entertainment-pt","8":"category-business-pt","9":"tag-chef-de-familia","10":"tag-cozinha-capixaba","11":"tag-culinaria","12":"tag-culinaria-capixaba","13":"tag-gastronomia","14":"tag-programa-de-televisao","15":"tag-reality-show","16":"tag-reality-show-capixaba","17":"tag-tv-vitoria"},"_links":{"self":[{"href":"https:\/\/thelatin.news\/pt-br\/wp-json\/wp\/v2\/posts\/8910","targetHints":{"allow":["GET"]}}],"collection":[{"href":"https:\/\/thelatin.news\/pt-br\/wp-json\/wp\/v2\/posts"}],"about":[{"href":"https:\/\/thelatin.news\/pt-br\/wp-json\/wp\/v2\/types\/post"}],"author":[{"embeddable":true,"href":"https:\/\/thelatin.news\/pt-br\/wp-json\/wp\/v2\/users\/1"}],"replies":[{"embeddable":true,"href":"https:\/\/thelatin.news\/pt-br\/wp-json\/wp\/v2\/comments?post=8910"}],"version-history":[{"count":0,"href":"https:\/\/thelatin.news\/pt-br\/wp-json\/wp\/v2\/posts\/8910\/revisions"}],"wp:attachment":[{"href":"https:\/\/thelatin.news\/pt-br\/wp-json\/wp\/v2\/media?parent=8910"}],"wp:term":[{"taxonomy":"category","embeddable":true,"href":"https:\/\/thelatin.news\/pt-br\/wp-json\/wp\/v2\/categories?post=8910"},{"taxonomy":"post_tag","embeddable":true,"href":"https:\/\/thelatin.news\/pt-br\/wp-json\/wp\/v2\/tags?post=8910"}],"curies":[{"name":"wp","href":"https:\/\/api.w.org\/{rel}","templated":true}]}}