{"id":14036,"date":"2024-08-29T07:40:13","date_gmt":"2024-08-29T07:40:13","guid":{"rendered":"https:\/\/thelatin.news\/federais-acusam-dois-europeus-de-conspiracao-contra-membros-do-congresso-e-outras-autoridades-eleitas-markiza\/"},"modified":"2024-08-29T07:40:13","modified_gmt":"2024-08-29T07:40:13","slug":"federais-acusam-dois-europeus-de-conspiracao-contra-membros-do-congresso-e-outras-autoridades-eleitas-markiza","status":"publish","type":"post","link":"https:\/\/thelatin.news\/pt-br\/federais-acusam-dois-europeus-de-conspiracao-contra-membros-do-congresso-e-outras-autoridades-eleitas-markiza\/","title":{"rendered":"Federais acusam dois europeus de conspira\u00e7\u00e3o contra membros do Congresso e outras autoridades eleitas | Mark\u00edza"},"content":{"rendered":"<p> <br \/>\n<\/p>\n<div>\n<p class=\"speakable\">Os promotores federais acusaram dois homens europeus de \u201cgolpe\u201d em dezenas de membros do Congresso e outras autoridades eleitas dos EUA, incluindo um ex-presidente e um presidente eleito, de acordo com registros judiciais abertos na quarta-feira.<\/p>\n<p class=\"speakable\">Uma acusa\u00e7\u00e3o federal alega que Thomas Szabo, 26, da Rom\u00e9nia, e Nemanja Radovanovic, 21, da S\u00e9rvia, atacaram quase 100 pessoas com apelos de \u201cgolpe\u201d para provocar uma resposta agressiva por parte dos agentes da pol\u00edcia nas casas das v\u00edtimas.<\/p>\n<p>A declara\u00e7\u00e3o de um agente do Servi\u00e7o Secreto dos EUA n\u00e3o mencionou o nome do ex-presidente ou de outros legisladores. <\/p>\n<p>Embora a acusa\u00e7\u00e3o&#8230;<\/p>\n<\/div>\n<p><br \/>\n<br \/><a href=\"https:\/\/www.mojcasopis.sk\/negocios\/federais-acusam-dois-europeus-de-conspiracao-contra-membros-do-congresso-e-outras-autoridades-eleitas\/50246\/\">Fonte<\/a><\/p>\n","protected":false},"excerpt":{"rendered":"<p>Os promotores federais acusaram dois homens europeus de \u201cgolpe\u201d em dezenas de membros do Congresso e outras autoridades eleitas dos EUA, incluindo um ex-presidente e um presidente eleito, de acordo com registros judiciais abertos na quarta-feira. Uma acusa\u00e7\u00e3o federal alega que Thomas Szabo, 26, da Rom\u00e9nia, e Nemanja Radovanovic, 21, da S\u00e9rvia, atacaram quase 100 [&hellip;]<\/p>\n","protected":false},"author":1,"featured_media":0,"comment_status":"closed","ping_status":"closed","sticky":false,"template":"","format":"standard","meta":{"footnotes":""},"categories":[3269,5,88,3272],"tags":[],"class_list":{"0":"post-14036","1":"post","2":"type-post","3":"status-publish","4":"format-standard","6":"category-lifestyle-pt","7":"category-lifestyle","8":"category-romainia","9":"category-romainia-pt"},"_links":{"self":[{"href":"https:\/\/thelatin.news\/pt-br\/wp-json\/wp\/v2\/posts\/14036","targetHints":{"allow":["GET"]}}],"collection":[{"href":"https:\/\/thelatin.news\/pt-br\/wp-json\/wp\/v2\/posts"}],"about":[{"href":"https:\/\/thelatin.news\/pt-br\/wp-json\/wp\/v2\/types\/post"}],"author":[{"embeddable":true,"href":"https:\/\/thelatin.news\/pt-br\/wp-json\/wp\/v2\/users\/1"}],"replies":[{"embeddable":true,"href":"https:\/\/thelatin.news\/pt-br\/wp-json\/wp\/v2\/comments?post=14036"}],"version-history":[{"count":0,"href":"https:\/\/thelatin.news\/pt-br\/wp-json\/wp\/v2\/posts\/14036\/revisions"}],"wp:attachment":[{"href":"https:\/\/thelatin.news\/pt-br\/wp-json\/wp\/v2\/media?parent=14036"}],"wp:term":[{"taxonomy":"category","embeddable":true,"href":"https:\/\/thelatin.news\/pt-br\/wp-json\/wp\/v2\/categories?post=14036"},{"taxonomy":"post_tag","embeddable":true,"href":"https:\/\/thelatin.news\/pt-br\/wp-json\/wp\/v2\/tags?post=14036"}],"curies":[{"name":"wp","href":"https:\/\/api.w.org\/{rel}","templated":true}]}}