{"id":13376,"date":"2024-08-15T07:10:11","date_gmt":"2024-08-15T07:10:11","guid":{"rendered":"https:\/\/thelatin.news\/treinador-de-georgia-bell-teme-perder-talento-especial-no-esporte\/"},"modified":"2024-08-15T07:10:11","modified_gmt":"2024-08-15T07:10:11","slug":"treinador-de-georgia-bell-teme-perder-talento-especial-no-esporte","status":"publish","type":"post","link":"https:\/\/thelatin.news\/pt-br\/treinador-de-georgia-bell-teme-perder-talento-especial-no-esporte\/","title":{"rendered":"Treinador de Georgia Bell teme perder talento especial no esporte"},"content":{"rendered":"<p> <br \/>\n<\/p>\n<div>\n<h2>Uma Nova Era no Atletismo<\/h2>\n<p>A trajet\u00f3ria de Georgia Bell no atletismo \u00e9 um verdadeiro conto de fadas. Depois de um per\u00edodo afastada das competi\u00e7\u00f5es, ela fez um retorno triunfante, conquistando a medalha de bronze nos 1500 metros nas Olimp\u00edadas de Paris, estabelecendo um novo recorde nacional com um tempo impressionante de 3:52.61. Esse feito n\u00e3o s\u00f3 a consolidou como uma das principais atletas da sua gera\u00e7\u00e3, mas tamb\u00e9m inspirou muitos a acreditarem na possibilidade de recome\u00e7os.<\/p>\n<h2>Os Primeiros Passos no Atletismo<\/h2>\n<p>Georgia Bell come\u00e7ou sua jornada no atletismo ainda jovem, destacando-se nas categorias j\u00fanior. Em 2008, ela j\u00e1 era uma&#8230;<\/p>\n<\/div>\n<p><br \/>\n<br \/><a href=\"https:\/\/g7.news\/esportes\/2024\/08\/11\/treinador-de-georgia-bell-teme-perder-talento-especial-no-esporte\">Fonte<\/a><\/p>\n","protected":false},"excerpt":{"rendered":"<p>Uma Nova Era no Atletismo A trajet\u00f3ria de Georgia Bell no atletismo \u00e9 um verdadeiro conto de fadas. Depois de um per\u00edodo afastada das competi\u00e7\u00f5es, ela fez um retorno triunfante, conquistando a medalha de bronze nos 1500 metros nas Olimp\u00edadas de Paris, estabelecendo um novo recorde nacional com um tempo impressionante de 3:52.61. Esse feito [&hellip;]<\/p>\n","protected":false},"author":1,"featured_media":0,"comment_status":"closed","ping_status":"closed","sticky":false,"template":"","format":"standard","meta":{"footnotes":""},"categories":[3269,5,87,3270],"tags":[],"class_list":{"0":"post-13376","1":"post","2":"type-post","3":"status-publish","4":"format-standard","6":"category-lifestyle-pt","7":"category-lifestyle","8":"category-modolva","9":"category-modolva-pt"},"_links":{"self":[{"href":"https:\/\/thelatin.news\/pt-br\/wp-json\/wp\/v2\/posts\/13376","targetHints":{"allow":["GET"]}}],"collection":[{"href":"https:\/\/thelatin.news\/pt-br\/wp-json\/wp\/v2\/posts"}],"about":[{"href":"https:\/\/thelatin.news\/pt-br\/wp-json\/wp\/v2\/types\/post"}],"author":[{"embeddable":true,"href":"https:\/\/thelatin.news\/pt-br\/wp-json\/wp\/v2\/users\/1"}],"replies":[{"embeddable":true,"href":"https:\/\/thelatin.news\/pt-br\/wp-json\/wp\/v2\/comments?post=13376"}],"version-history":[{"count":0,"href":"https:\/\/thelatin.news\/pt-br\/wp-json\/wp\/v2\/posts\/13376\/revisions"}],"wp:attachment":[{"href":"https:\/\/thelatin.news\/pt-br\/wp-json\/wp\/v2\/media?parent=13376"}],"wp:term":[{"taxonomy":"category","embeddable":true,"href":"https:\/\/thelatin.news\/pt-br\/wp-json\/wp\/v2\/categories?post=13376"},{"taxonomy":"post_tag","embeddable":true,"href":"https:\/\/thelatin.news\/pt-br\/wp-json\/wp\/v2\/tags?post=13376"}],"curies":[{"name":"wp","href":"https:\/\/api.w.org\/{rel}","templated":true}]}}