{"id":13369,"date":"2024-08-15T05:50:11","date_gmt":"2024-08-15T05:50:11","guid":{"rendered":"https:\/\/thelatin.news\/une-nuit-a-paris-propoe-uma-viagem-a-franca-pela-arte-gastronomia-e-cultura-francesa\/"},"modified":"2024-08-15T05:50:11","modified_gmt":"2024-08-15T05:50:11","slug":"une-nuit-a-paris-propoe-uma-viagem-a-franca-pela-arte-gastronomia-e-cultura-francesa","status":"publish","type":"post","link":"https:\/\/thelatin.news\/pt-br\/une-nuit-a-paris-propoe-uma-viagem-a-franca-pela-arte-gastronomia-e-cultura-francesa\/","title":{"rendered":"&#8220;Une Nuit \u00e0 Paris\u201d prop\u00f5e\u00a0uma viagem \u00e0 Fran\u00e7a pela arte, gastronomia e cultura francesa"},"content":{"rendered":"<p> <br \/>\n<\/p>\n<div>\n<figure class=\"wp-block-image\"> <img loading=\"lazy\" width=\"371\" height=\"512\" class=\"attachment-870xauto size-870xauto wp-post-image ewww_webp\" alt=\"unnamed (21)\" decoding=\"async\" loading=\"lazy\" srcset=\"data:image\/gif;base64,R0lGODlhAQABAAAAACH5BAEKAAEALAAAAAABAAEAAAICTAEAOw== 1w\" sizes=\"auto, (max-width: 371px) 100vw, 371px\" src=\"https:\/\/www.bemparana.com.br\/wp-content\/uploads\/2024\/08\/unnamed-21.jpg\" data-src-webp=\"https:\/\/www.bemparana.com.br\/wp-content\/uploads\/2024\/08\/unnamed-21.jpg.webp\" data-srcset-webp=\"https:\/\/www.bemparana.com.br\/wp-content\/uploads\/2024\/08\/unnamed-21.jpg.webp 371w, https:\/\/www.bemparana.com.br\/wp-content\/uploads\/2024\/08\/unnamed-21-217x300.jpg.webp 217w\" data-srcset-img=\"https:\/\/www.bemparana.com.br\/wp-content\/uploads\/2024\/08\/unnamed-21.jpg 371w, https:\/\/www.bemparana.com.br\/wp-content\/uploads\/2024\/08\/unnamed-21-217x300.jpg 217w\" data-eio=\"j\"\/><img loading=\"lazy\" width=\"371\" height=\"512\" src=\"https:\/\/www.bemparana.com.br\/wp-content\/uploads\/2024\/08\/unnamed-21.jpg\" class=\"attachment-870xauto size-870xauto wp-post-image\" alt=\"unnamed (21)\" decoding=\"async\" loading=\"lazy\" srcset=\"https:\/\/www.bemparana.com.br\/wp-content\/uploads\/2024\/08\/unnamed-21.jpg 371w, https:\/\/www.bemparana.com.br\/wp-content\/uploads\/2024\/08\/unnamed-21-217x300.jpg 217w\" sizes=\"auto, (max-width: 371px) 100vw, 371px\"\/><figcaption>Cartaz Filme \u2018A Regra do jogo\u2019 \u2013 Cred Reprodu\u00e7\u00e3o<\/figcaption><\/figure>\n<p>No dia 24 de agosto, \u00e0s 17h, Curitiba recebe uma experi\u00eancia imersiva in\u00e9dita, que promete levar os espectadores a uma noite especial em Paris.\u00a0<\/p>\n<p>O projeto\u00a0<strong><em>\u201cUne Nuit \u00e0 Paris\u201d<\/em>,<\/strong>\u00a0promovido pela Escola Palco e pela produtora Terceira Margem, tem o objetivo de oferecer uma viagem cultural e art\u00edstica \u00fanica \u00e0 Cidade da Luz, por meio da arte, gastronomia e cultura francesa.\u00a0<\/p>\n<p>Com valores a partir de R$174,50 (meia-entrada), os interessados ter\u00e3o uma aula em que, a partir de jogos art\u00edsticos sofisticados, se aprofundar\u00e3o na experi\u00eancia da obra a ser exibida, com informa\u00e7\u00f5es&#8230;<\/p>\n<\/div>\n<p><br \/>\n<br \/><a href=\"https:\/\/www.bemparana.com.br\/publicacao\/blogs\/comerecurtir\/une-nuit-a-paris-propoe-uma-viagem-a-franca-pela-arte-gastronomia-e-cultura-francesa\/\">Fonte<\/a><\/p>\n","protected":false},"excerpt":{"rendered":"<p>Cartaz Filme \u2018A Regra do jogo\u2019 \u2013 Cred Reprodu\u00e7\u00e3o No dia 24 de agosto, \u00e0s 17h, Curitiba recebe uma experi\u00eancia imersiva in\u00e9dita, que promete levar os espectadores a uma noite especial em Paris.\u00a0 O projeto\u00a0\u201cUne Nuit \u00e0 Paris\u201d,\u00a0promovido pela Escola Palco e pela produtora Terceira Margem, tem o objetivo de oferecer uma viagem cultural e [&hellip;]<\/p>\n","protected":false},"author":1,"featured_media":0,"comment_status":"closed","ping_status":"closed","sticky":false,"template":"","format":"standard","meta":{"footnotes":""},"categories":[3267,81,3215,3276],"tags":[],"class_list":{"0":"post-13369","1":"post","2":"type-post","3":"status-publish","4":"format-standard","6":"category-france-pt","7":"category-france","8":"category-travel","9":"category-travel-pt"},"_links":{"self":[{"href":"https:\/\/thelatin.news\/pt-br\/wp-json\/wp\/v2\/posts\/13369","targetHints":{"allow":["GET"]}}],"collection":[{"href":"https:\/\/thelatin.news\/pt-br\/wp-json\/wp\/v2\/posts"}],"about":[{"href":"https:\/\/thelatin.news\/pt-br\/wp-json\/wp\/v2\/types\/post"}],"author":[{"embeddable":true,"href":"https:\/\/thelatin.news\/pt-br\/wp-json\/wp\/v2\/users\/1"}],"replies":[{"embeddable":true,"href":"https:\/\/thelatin.news\/pt-br\/wp-json\/wp\/v2\/comments?post=13369"}],"version-history":[{"count":0,"href":"https:\/\/thelatin.news\/pt-br\/wp-json\/wp\/v2\/posts\/13369\/revisions"}],"wp:attachment":[{"href":"https:\/\/thelatin.news\/pt-br\/wp-json\/wp\/v2\/media?parent=13369"}],"wp:term":[{"taxonomy":"category","embeddable":true,"href":"https:\/\/thelatin.news\/pt-br\/wp-json\/wp\/v2\/categories?post=13369"},{"taxonomy":"post_tag","embeddable":true,"href":"https:\/\/thelatin.news\/pt-br\/wp-json\/wp\/v2\/tags?post=13369"}],"curies":[{"name":"wp","href":"https:\/\/api.w.org\/{rel}","templated":true}]}}