{"id":13368,"date":"2024-08-15T05:40:19","date_gmt":"2024-08-15T05:40:19","guid":{"rendered":"https:\/\/thelatin.news\/jornal-da-franca-tecnologia-e-saude-mental-especialista-alerta-sobre-os-perigos-do-excesso\/"},"modified":"2024-08-15T05:40:19","modified_gmt":"2024-08-15T05:40:19","slug":"jornal-da-franca-tecnologia-e-saude-mental-especialista-alerta-sobre-os-perigos-do-excesso","status":"publish","type":"post","link":"https:\/\/thelatin.news\/pt-br\/jornal-da-franca-tecnologia-e-saude-mental-especialista-alerta-sobre-os-perigos-do-excesso\/","title":{"rendered":"Jornal da Franca &#8211; Tecnologia e sa\u00fade mental: especialista alerta sobre os perigos do excesso"},"content":{"rendered":"<p> <br \/>\n<\/p>\n<div>\n<a class=\"mb-1\" href=\"https:\/\/api.whatsapp.com\/send?text=Olha essa Not\u00edcia no Jornal da Franca.%0D%0D*Tecnologia e sa\u00fade mental: especialista alerta sobre os perigos do excesso*%0D%0Dclique na url abaixo%0Dhttps:\/\/www.jornaldafranca.com.br\/tecnologia-e-saude-mental-especialista-alerta-sobre-os-perigos-do-excesso\/\" target=\"_blank\" rel=\"noopener\"><span class=\"text-12 badge badge-pill badge-success\"><i class=\"fa fa-whatsapp\"\/> compartilhar no whatsapp<\/span><\/a><br \/>\n<a class=\"mb-1\" href=\"https:\/\/telegram.me\/share\/url?url=https:\/\/www.jornaldafranca.com.br\/tecnologia-e-saude-mental-especialista-alerta-sobre-os-perigos-do-excesso\/&amp;text=Olha essa Not\u00edcia no Jornal da Franca.\" target=\"_blank\" rel=\"noopener\"><span class=\"text-12 badge badge-pill badge-info\"><i class=\"fa fa-telegram\"\/> compartilhar no telegram<\/span><\/a><br \/>\n<a class=\"mb-1\" href=\"https:\/\/www.facebook.com\/sharer\/sharer.php?u=https:\/\/www.jornaldafranca.com.br\/tecnologia-e-saude-mental-especialista-alerta-sobre-os-perigos-do-excesso\/\" target=\"_blank\" rel=\"noopener\"><span class=\"text-12 badge badge-pill badge-primary\"><i class=\"fa fa-facebook\"\/> compartilhar no facebook<\/span><\/a><br \/>\n<a class=\"mb-1\" href=\"https:\/\/www.linkedin.com\/shareArticle?mini=true&amp;url=https:\/\/www.jornaldafranca.com.br\/tecnologia-e-saude-mental-especialista-alerta-sobre-os-perigos-do-excesso\/&amp;title=Tecnologia e sa\u00fade mental: especialista alerta sobre os perigos do excesso&amp;source=JORNAL DA FRANCA\" target=\"_blank\" rel=\"noopener\"><span class=\"text-12 badge badge-pill badge-secondary\"><i class=\"fa fa-linkedin\"\/> compartilhar no linkedin<\/span><\/a><\/p>\n<div class=\"lead text-20\">\n<p>O excesso de tecnologia pode aumentar a aten\u00e7\u00e3o dividida entre v\u00e1rias atividades e ainda desencadear problemas de sa\u00fade mental<\/p>\n<\/div>\n<p><img decoding=\"async\" src=\"https:\/\/www.jornaldafranca.com.br\/wp-content\/uploads\/2024\/08\/tecnologia-e-saude-mental-mulher-com-celular-na-cama-shutterstock.jpg\" alt=\"\"\/><\/p>\n<h6>O excesso de tecnologia leva a uma sobrecarga cognitiva que prejudica a sa\u00fade \u2013 foto Shutterstock<\/h6>\n<p>\u00a0<\/p>\n<p>Quando foi a \u00faltima vez que voc\u00ea ficou um dia inteiro sem usar o celular, o tablet ou o computador?<\/p>\n<p>Muita gente n\u00e3o sabe nem como responder a essa pergunta \u2013 afinal, essas tecnologias j\u00e1 est\u00e3o t\u00e3o presentes na vida da maioria das pessoas que \u00e9 dif\u00edcil at\u00e9 ficar algumas horas sem elas.<\/p>\n<p>O&#8230;<\/p>\n<\/div>\n<p><br \/>\n<br \/><a href=\"https:\/\/www.jornaldafranca.com.br\/tecnologia-e-saude-mental-especialista-alerta-sobre-os-perigos-do-excesso\/\">Fonte<\/a><\/p>\n","protected":false},"excerpt":{"rendered":"<p>compartilhar no whatsapp compartilhar no telegram compartilhar no facebook compartilhar no linkedin O excesso de tecnologia pode aumentar a aten\u00e7\u00e3o dividida entre v\u00e1rias atividades e ainda desencadear problemas de sa\u00fade mental O excesso de tecnologia leva a uma sobrecarga cognitiva que prejudica a sa\u00fade \u2013 foto Shutterstock \u00a0 Quando foi a \u00faltima vez que voc\u00ea [&hellip;]<\/p>\n","protected":false},"author":1,"featured_media":0,"comment_status":"closed","ping_status":"closed","sticky":false,"template":"","format":"standard","meta":{"footnotes":""},"categories":[3267,81,7,3275],"tags":[9048,9049,9050,9051,4562],"class_list":{"0":"post-13368","1":"post","2":"type-post","3":"status-publish","4":"format-standard","6":"category-france-pt","7":"category-france","8":"category-technology","9":"category-technology-pt","10":"tag-excesso-de-tecnologia","11":"tag-excesso-de-informacoes","12":"tag-jornal-da-franca","13":"tag-saude-mental","14":"tag-tecnologia"},"_links":{"self":[{"href":"https:\/\/thelatin.news\/pt-br\/wp-json\/wp\/v2\/posts\/13368","targetHints":{"allow":["GET"]}}],"collection":[{"href":"https:\/\/thelatin.news\/pt-br\/wp-json\/wp\/v2\/posts"}],"about":[{"href":"https:\/\/thelatin.news\/pt-br\/wp-json\/wp\/v2\/types\/post"}],"author":[{"embeddable":true,"href":"https:\/\/thelatin.news\/pt-br\/wp-json\/wp\/v2\/users\/1"}],"replies":[{"embeddable":true,"href":"https:\/\/thelatin.news\/pt-br\/wp-json\/wp\/v2\/comments?post=13368"}],"version-history":[{"count":0,"href":"https:\/\/thelatin.news\/pt-br\/wp-json\/wp\/v2\/posts\/13368\/revisions"}],"wp:attachment":[{"href":"https:\/\/thelatin.news\/pt-br\/wp-json\/wp\/v2\/media?parent=13368"}],"wp:term":[{"taxonomy":"category","embeddable":true,"href":"https:\/\/thelatin.news\/pt-br\/wp-json\/wp\/v2\/categories?post=13368"},{"taxonomy":"post_tag","embeddable":true,"href":"https:\/\/thelatin.news\/pt-br\/wp-json\/wp\/v2\/tags?post=13368"}],"curies":[{"name":"wp","href":"https:\/\/api.w.org\/{rel}","templated":true}]}}