{"id":11032,"date":"2024-06-13T06:10:12","date_gmt":"2024-06-13T06:10:12","guid":{"rendered":"https:\/\/thelatin.news\/mbappe-presente-le-16-juillet\/"},"modified":"2024-06-13T06:10:12","modified_gmt":"2024-06-13T06:10:12","slug":"mbappe-presente-le-16-juillet","status":"publish","type":"post","link":"https:\/\/thelatin.news\/fr\/mbappe-presente-le-16-juillet\/","title":{"rendered":"Mbapp\u00e9 pr\u00e9sent\u00e9 le 16 juillet"},"content":{"rendered":"<p> <br \/>\n<\/p>\n<div itemprop=\"articleBody\"><!-- Date --><\/p>\n<p class=\"date\">\n                                                    Axel Allag, Media365, publi\u00e9 le mercredi 12 juin 2024 \u00e0 16h11\n                                            <\/p>\n<p><!-- Fin Date --><!-- TEXTE --><\/p>\n<p>C&rsquo;est 2 jours apr\u00e8s la finale de l&rsquo;Euro 2024, le mardi 16 juillet prochain, que Kylian Mbapp\u00e9 devrait \u00eatre pr\u00e9sent\u00e9 en tant que nouveau joueur du Real Madrid, selon nos confr\u00e8res du Parisien.<\/p>\n<p><strong>Le Santiago Bernabeu devrait vibrer tr\u00e8s fort pour sa nouvelle star<\/strong>. Le 3 juin dernier, le Real Madrid avait officialis\u00e9 la signature de Kylian Mbapp\u00e9 en tant que joueur libre apr\u00e8s la fin de son contrat au PSG. Tr\u00e8s vite, l&rsquo;Espagne du football s&rsquo;\u00e9tait alors enflamm\u00e9e pour&#8230;<\/p>\n<\/div>\n<p><br \/>\n<br \/><a href=\"https:\/\/sports.orange.fr\/football\/espagne\/article\/real-madrid-mbappe-presente-le-16-juillet-CNT000002e8McN.amp\">Source<\/a><\/p>\n","protected":false},"excerpt":{"rendered":"<p>Axel Allag, Media365, publi\u00e9 le mercredi 12 juin 2024 \u00e0 16h11 C&rsquo;est 2 jours apr\u00e8s la finale de l&rsquo;Euro 2024, le mardi 16 juillet prochain, que Kylian Mbapp\u00e9 devrait \u00eatre pr\u00e9sent\u00e9 en tant que nouveau joueur du Real Madrid, selon nos confr\u00e8res du Parisien. Le Santiago Bernabeu devrait vibrer tr\u00e8s fort pour sa nouvelle star. [&hellip;]<\/p>\n","protected":false},"author":1,"featured_media":0,"comment_status":"closed","ping_status":"closed","sticky":false,"template":"","format":"standard","meta":{"footnotes":""},"categories":[3242,3241,84,3],"tags":[],"class_list":{"0":"post-11032","1":"post","2":"type-post","3":"status-publish","4":"format-standard","6":"category-sports-fr","7":"category-spain-fr","8":"category-spain","9":"category-sports"},"_links":{"self":[{"href":"https:\/\/thelatin.news\/fr\/wp-json\/wp\/v2\/posts\/11032","targetHints":{"allow":["GET"]}}],"collection":[{"href":"https:\/\/thelatin.news\/fr\/wp-json\/wp\/v2\/posts"}],"about":[{"href":"https:\/\/thelatin.news\/fr\/wp-json\/wp\/v2\/types\/post"}],"author":[{"embeddable":true,"href":"https:\/\/thelatin.news\/fr\/wp-json\/wp\/v2\/users\/1"}],"replies":[{"embeddable":true,"href":"https:\/\/thelatin.news\/fr\/wp-json\/wp\/v2\/comments?post=11032"}],"version-history":[{"count":0,"href":"https:\/\/thelatin.news\/fr\/wp-json\/wp\/v2\/posts\/11032\/revisions"}],"wp:attachment":[{"href":"https:\/\/thelatin.news\/fr\/wp-json\/wp\/v2\/media?parent=11032"}],"wp:term":[{"taxonomy":"category","embeddable":true,"href":"https:\/\/thelatin.news\/fr\/wp-json\/wp\/v2\/categories?post=11032"},{"taxonomy":"post_tag","embeddable":true,"href":"https:\/\/thelatin.news\/fr\/wp-json\/wp\/v2\/tags?post=11032"}],"curies":[{"name":"wp","href":"https:\/\/api.w.org\/{rel}","templated":true}]}}