{"id":8002,"date":"2024-06-05T12:20:28","date_gmt":"2024-06-05T12:20:28","guid":{"rendered":"https:\/\/thelatin.news\/viatja-amb-sapiens-a-a-sicilia\/"},"modified":"2024-06-05T12:20:28","modified_gmt":"2024-06-05T12:20:28","slug":"viatja-amb-sapiens-a-a-sicilia","status":"publish","type":"post","link":"https:\/\/thelatin.news\/ca\/viatja-amb-sapiens-a-a-sicilia\/","title":{"rendered":"Viatja amb &#8216;S\u00e0piens&#8217; a a Sic\u00edlia"},"content":{"rendered":"<p> <br \/>\n<\/p>\n<div data-article-permalink=\"https:\/\/www.sapiens.cat\/raco-sapiens\/viatge-sicilia_202773_102.html\" id=\"mainarticle-body\">\n<p><em>S\u00e0piens<\/em> i l&#8217;ag\u00e8ncia Tarann\u00e0 hem organitzat, per aquest mes de maig, un viatge exclusiu a\u00a0Sic\u00edlia. Hem organitzat cinc escapades: del 9 al 13 de maig (exhaurides),\u00a0del 15 al 19 de maig (exhaurides), del 21 al 25 de maig (exhaurides), del 10 al 14 de juny (exhaurides) i del\u00a017 al 21 de juny\u00a0(PLACES DISPONIBLES), resseguirem la petjada catalana des del 1282 \u2014quan les tropes de Pere el Gran van completar la conquesta de l\u2019illa\u2014, fins al 1713, quan va passar a mans franceses.<\/p>\n<p>Acompanyats de l\u2019historiador Mart\u00ed Carbonell, visitarem les principals joies patrimonials de Palerm, Messina i Siracusa, passejarem per l\u2019encantadora&#8230;<\/p>\n<\/div>\n<p><br \/>\n<br \/><a href=\"https:\/\/www.sapiens.cat\/raco-sapiens\/viatge-sicilia_202773_102.html\">Font<\/a><\/p>\n","protected":false},"excerpt":{"rendered":"<p>S\u00e0piens i l&#8217;ag\u00e8ncia Tarann\u00e0 hem organitzat, per aquest mes de maig, un viatge exclusiu a\u00a0Sic\u00edlia. Hem organitzat cinc escapades: del 9 al 13 de maig (exhaurides),\u00a0del 15 al 19 de maig (exhaurides), del 21 al 25 de maig (exhaurides), del 10 al 14 de juny (exhaurides) i del\u00a017 al 21 de juny\u00a0(PLACES DISPONIBLES), resseguirem la [&hellip;]<\/p>\n","protected":false},"author":1,"featured_media":0,"comment_status":"closed","ping_status":"closed","sticky":false,"template":"","format":"standard","meta":{"footnotes":""},"categories":[3220,3228],"tags":[],"class_list":{"0":"post-8002","1":"post","2":"type-post","3":"status-publish","4":"format-standard","6":"category-italy-ca","7":"category-travel-ca"},"_links":{"self":[{"href":"https:\/\/thelatin.news\/ca\/wp-json\/wp\/v2\/posts\/8002","targetHints":{"allow":["GET"]}}],"collection":[{"href":"https:\/\/thelatin.news\/ca\/wp-json\/wp\/v2\/posts"}],"about":[{"href":"https:\/\/thelatin.news\/ca\/wp-json\/wp\/v2\/types\/post"}],"author":[{"embeddable":true,"href":"https:\/\/thelatin.news\/ca\/wp-json\/wp\/v2\/users\/1"}],"replies":[{"embeddable":true,"href":"https:\/\/thelatin.news\/ca\/wp-json\/wp\/v2\/comments?post=8002"}],"version-history":[{"count":0,"href":"https:\/\/thelatin.news\/ca\/wp-json\/wp\/v2\/posts\/8002\/revisions"}],"wp:attachment":[{"href":"https:\/\/thelatin.news\/ca\/wp-json\/wp\/v2\/media?parent=8002"}],"wp:term":[{"taxonomy":"category","embeddable":true,"href":"https:\/\/thelatin.news\/ca\/wp-json\/wp\/v2\/categories?post=8002"},{"taxonomy":"post_tag","embeddable":true,"href":"https:\/\/thelatin.news\/ca\/wp-json\/wp\/v2\/tags?post=8002"}],"curies":[{"name":"wp","href":"https:\/\/api.w.org\/{rel}","templated":true}]}}