{"id":8000,"date":"2024-06-05T12:20:27","date_gmt":"2024-06-05T12:20:27","guid":{"rendered":"https:\/\/thelatin.news\/la-ciutat-portuguesa-devora-capital-europea-de-la-cultura-2027-viura-la-diada-de-sant-jordi\/"},"modified":"2024-06-05T12:20:27","modified_gmt":"2024-06-05T12:20:27","slug":"la-ciutat-portuguesa-devora-capital-europea-de-la-cultura-2027-viura-la-diada-de-sant-jordi","status":"publish","type":"post","link":"https:\/\/thelatin.news\/ca\/la-ciutat-portuguesa-devora-capital-europea-de-la-cultura-2027-viura-la-diada-de-sant-jordi\/","title":{"rendered":"La ciutat portuguesa d&#8217;\u00c9vora, capital europea de la cultura 2027, viur\u00e0 la Diada de Sant Jordi"},"content":{"rendered":"<p> <br \/>\n<\/p>\n<div>\n<div id=\"attachment_37707\" style=\"width: 760px\" class=\"wp-caption alignnone\"><img fetchpriority=\"high\" fetchpriority=\"high\" decoding=\"async\" aria-describedby=\"caption-attachment-37707\" class=\"wp-image-37707 size-full\" src=\"https:\/\/exterior.cat\/wp-content\/uploads\/evora.webp\" alt=\"\" width=\"750\" height=\"450\" srcset=\"https:\/\/exterior.cat\/wp-content\/uploads\/evora-200x120.webp 200w, https:\/\/exterior.cat\/wp-content\/uploads\/evora-305x183.webp 305w, https:\/\/exterior.cat\/wp-content\/uploads\/evora-400x240.webp 400w, https:\/\/exterior.cat\/wp-content\/uploads\/evora-600x360.webp 600w, https:\/\/exterior.cat\/wp-content\/uploads\/evora.webp 750w\" sizes=\"(max-width: 750px) 100vw, 750px\"\/><\/p>\n<p id=\"caption-attachment-37707\" class=\"wp-caption-text\">La Universitat d\u2019\u00c9vora acollir\u00e0 la festivitat de Sant Jordi a Portugal [Foto: Universitat d\u2019\u00c9vora]<\/p>\n<\/div>\n<p>La Delegaci\u00f3 del Govern a Portugal porta el Sant Jordi a \u00c9vora, Capital Europea de la Cultura el 2027. Conjuntament amb la Universitat d\u2019\u00c9vora, la celebraci\u00f3 tamb\u00e9 commemorar\u00e0 el 50\u00e8 aniversari de la Revoluci\u00f3 dels Clavells. L\u2019obertura de l\u2019acte compta amb els discursos institucionals del delegat del Govern a Portugal, Rui Reis, i de la rectora de la Universitat d\u2019\u00c9vora, Herm\u00ednia Vasconcelos.<\/p>\n<p>La part central de l\u2019acte \u00e9s una confer\u00e8ncia de la professora de Filologia Portuguesa a la Universitat de Barcelona,&#8230;<\/p>\n<\/div>\n<p><br \/>\n<br \/><a href=\"https:\/\/exterior.cat\/noticies\/la-ciutat-portuguesa-devora-capital-europea-de-la-cultura-2027-viura-la-diada-de-sant-jordi\/\">Font<\/a><\/p>\n","protected":false},"excerpt":{"rendered":"<p>La Universitat d\u2019\u00c9vora acollir\u00e0 la festivitat de Sant Jordi a Portugal [Foto: Universitat d\u2019\u00c9vora] La Delegaci\u00f3 del Govern a Portugal porta el Sant Jordi a \u00c9vora, Capital Europea de la Cultura el 2027. Conjuntament amb la Universitat d\u2019\u00c9vora, la celebraci\u00f3 tamb\u00e9 commemorar\u00e0 el 50\u00e8 aniversari de la Revoluci\u00f3 dels Clavells. L\u2019obertura de l\u2019acte compta amb [&hellip;]<\/p>\n","protected":false},"author":1,"featured_media":0,"comment_status":"closed","ping_status":"closed","sticky":false,"template":"","format":"standard","meta":{"footnotes":""},"categories":[3221,3223],"tags":[],"class_list":{"0":"post-8000","1":"post","2":"type-post","3":"status-publish","4":"format-standard","6":"category-lifestyle-ca","7":"category-portugal-ca"},"_links":{"self":[{"href":"https:\/\/thelatin.news\/ca\/wp-json\/wp\/v2\/posts\/8000","targetHints":{"allow":["GET"]}}],"collection":[{"href":"https:\/\/thelatin.news\/ca\/wp-json\/wp\/v2\/posts"}],"about":[{"href":"https:\/\/thelatin.news\/ca\/wp-json\/wp\/v2\/types\/post"}],"author":[{"embeddable":true,"href":"https:\/\/thelatin.news\/ca\/wp-json\/wp\/v2\/users\/1"}],"replies":[{"embeddable":true,"href":"https:\/\/thelatin.news\/ca\/wp-json\/wp\/v2\/comments?post=8000"}],"version-history":[{"count":0,"href":"https:\/\/thelatin.news\/ca\/wp-json\/wp\/v2\/posts\/8000\/revisions"}],"wp:attachment":[{"href":"https:\/\/thelatin.news\/ca\/wp-json\/wp\/v2\/media?parent=8000"}],"wp:term":[{"taxonomy":"category","embeddable":true,"href":"https:\/\/thelatin.news\/ca\/wp-json\/wp\/v2\/categories?post=8000"},{"taxonomy":"post_tag","embeddable":true,"href":"https:\/\/thelatin.news\/ca\/wp-json\/wp\/v2\/tags?post=8000"}],"curies":[{"name":"wp","href":"https:\/\/api.w.org\/{rel}","templated":true}]}}