{"id":7995,"date":"2024-06-05T12:20:22","date_gmt":"2024-06-05T12:20:22","guid":{"rendered":"https:\/\/thelatin.news\/qui-es-qui-en-el-nou-executiu-de-luis-montenegro\/"},"modified":"2024-06-05T12:20:22","modified_gmt":"2024-06-05T12:20:22","slug":"qui-es-qui-en-el-nou-executiu-de-luis-montenegro","status":"publish","type":"post","link":"https:\/\/thelatin.news\/ca\/qui-es-qui-en-el-nou-executiu-de-luis-montenegro\/","title":{"rendered":"qui \u00e9s qui en el nou executiu de Lu\u00eds Montenegro?"},"content":{"rendered":"<p> <br \/>\n<\/p>\n<div>\n<p>El primer ministre designat de Portugal, el conservador <strong>Lu\u00eds Montenegro<\/strong>, ha anunciat la composici\u00f3 del seu Govern, amb el qual busca envoltar-se dels seus pol\u00edtics de confian\u00e7a en una legislatura que no ser\u00e0 senzilla despr\u00e9s d&#8217;haver <a data-external=\"0\" data-intl-links-ca=\"https:\/\/www.elnacional.cat\/ca\/internacional\/resultats-eleccions-portugal-dreta-guanya_1175691_102.html\" data-intl-links-es=\"https:\/\/www.elnacional.cat\/es\/internacional\/resultados-elecciones-portugal-derecha-gana_1175691_102.html\" href=\"https:\/\/www.elnacional.cat\/ca\/internacional\/resultats-eleccions-portugal-dreta-guanya_1175691_102.html\" rel=\"follow noopener\" target=\"_self\" title=\"La dreta guanya les eleccions a Portugal a costa de la desfeta socialista\">guanyat les eleccions legislatives del 10 de mar\u00e7 per la m\u00ednima<\/a>. El nou Executiu, que prendr\u00e0 possessi\u00f3 el pr\u00f2xim 2 d&#8217;abril, comptar\u00e0 amb <strong>17 ministres<\/strong>, dels quals 7 dones i alguns membres sense experi\u00e8ncia governativa pr\u00e8via. El nombre de carteres que mantindr\u00e0 Montenegro, l\u00edder del Partit Social Dem\u00f2crata (PSD) \u2014que encap\u00e7ala la coalici\u00f3 conservadora&#8230;<\/p>\n<\/div>\n<p><br \/>\n<br \/><a href=\"https:\/\/www.elnacional.cat\/ca\/internacional\/portugal-ja-te-govern-qui-es-qui-en-nou-executiu-luis-montenegro_1187460_102.html\">Font<\/a><\/p>\n","protected":false},"excerpt":{"rendered":"<p>El primer ministre designat de Portugal, el conservador Lu\u00eds Montenegro, ha anunciat la composici\u00f3 del seu Govern, amb el qual busca envoltar-se dels seus pol\u00edtics de confian\u00e7a en una legislatura que no ser\u00e0 senzilla despr\u00e9s d&#8217;haver guanyat les eleccions legislatives del 10 de mar\u00e7 per la m\u00ednima. El nou Executiu, que prendr\u00e0 possessi\u00f3 el pr\u00f2xim [&hellip;]<\/p>\n","protected":false},"author":1,"featured_media":0,"comment_status":"closed","ping_status":"closed","sticky":false,"template":"","format":"standard","meta":{"footnotes":""},"categories":[3217,3223],"tags":[],"class_list":{"0":"post-7995","1":"post","2":"type-post","3":"status-publish","4":"format-standard","6":"category-business-ca","7":"category-portugal-ca"},"_links":{"self":[{"href":"https:\/\/thelatin.news\/ca\/wp-json\/wp\/v2\/posts\/7995","targetHints":{"allow":["GET"]}}],"collection":[{"href":"https:\/\/thelatin.news\/ca\/wp-json\/wp\/v2\/posts"}],"about":[{"href":"https:\/\/thelatin.news\/ca\/wp-json\/wp\/v2\/types\/post"}],"author":[{"embeddable":true,"href":"https:\/\/thelatin.news\/ca\/wp-json\/wp\/v2\/users\/1"}],"replies":[{"embeddable":true,"href":"https:\/\/thelatin.news\/ca\/wp-json\/wp\/v2\/comments?post=7995"}],"version-history":[{"count":0,"href":"https:\/\/thelatin.news\/ca\/wp-json\/wp\/v2\/posts\/7995\/revisions"}],"wp:attachment":[{"href":"https:\/\/thelatin.news\/ca\/wp-json\/wp\/v2\/media?parent=7995"}],"wp:term":[{"taxonomy":"category","embeddable":true,"href":"https:\/\/thelatin.news\/ca\/wp-json\/wp\/v2\/categories?post=7995"},{"taxonomy":"post_tag","embeddable":true,"href":"https:\/\/thelatin.news\/ca\/wp-json\/wp\/v2\/tags?post=7995"}],"curies":[{"name":"wp","href":"https:\/\/api.w.org\/{rel}","templated":true}]}}