{"id":13433,"date":"2024-08-15T17:20:17","date_gmt":"2024-08-15T17:20:17","guid":{"rendered":"https:\/\/thelatin.news\/garraf-al-mon-ampliant-mercats\/"},"modified":"2024-08-15T17:20:17","modified_gmt":"2024-08-15T17:20:17","slug":"garraf-al-mon-ampliant-mercats","status":"publish","type":"post","link":"https:\/\/thelatin.news\/ca\/garraf-al-mon-ampliant-mercats\/","title":{"rendered":"Garraf al m\u00f3n: Ampliant mercats"},"content":{"rendered":"<p> <br \/>\n<\/p>\n<div id=\"\">\n<p>&#13;<br \/>\n\tAmb el prop\u00f2sit d&#8217;impulsar la dinamitzaci\u00f3 econ\u00f2mica al Garraf i generar noves oportunitats de negoci, l&#8217;Ag\u00e8ncia Node Garraf ha donat vida a &#8220;Garraf al M\u00f3n&#8221;. Aquest esdeveniment va reunir representants d&#8217;empreses del Garraf amb els seus hom\u00f2legs de la Confedera\u00e7\u00e3o Empresarial do Alto Minho (CEVAL) de Portugal, en unes jornades intenses i enriquidores.<\/p>\n<p>&#13;<\/p>\n<p>&#13;<br \/>\n\t<img decoding=\"async\" alt=\"\" class=\"img-fluid\" src=\"https:\/\/www.eixdiari.cat\/resources\/2024\/eix-per-impulsar-la-dinamitzacio-economica-al-garraf-i-generar-noves-oportunitats-de-negoci-node-garraf--150464.JPG\"\/><\/p>\n<p>&#13;<\/p>\n<p>&#13;<br \/>\n\tDel 10 al 12 d&#8217;abril, una delegaci\u00f3 de CEVAL va desembarcar al Garraf amb l&#8217;objectiu de sondejar les possibilitats de col\u00b7laboraci\u00f3 en diversos sectors, des de l&#8217;agroalimentari fins al tecnol\u00f2gic. A trav\u00e9s d&#8217;un programa dissenyat per Node Garraf, amb reunions amb&#8230;<\/p>\n<\/div>\n<p><br \/>\n<br \/><a href=\"https:\/\/www.eixdiari.cat\/dossier\/doc\/111342\/garraf-al-mon--ampliant-mercats.html\">Font<\/a><\/p>\n","protected":false},"excerpt":{"rendered":"<p>&#13; Amb el prop\u00f2sit d&#8217;impulsar la dinamitzaci\u00f3 econ\u00f2mica al Garraf i generar noves oportunitats de negoci, l&#8217;Ag\u00e8ncia Node Garraf ha donat vida a &#8220;Garraf al M\u00f3n&#8221;. Aquest esdeveniment va reunir representants d&#8217;empreses del Garraf amb els seus hom\u00f2legs de la Confedera\u00e7\u00e3o Empresarial do Alto Minho (CEVAL) de Portugal, en unes jornades intenses i enriquidores. &#13; [&hellip;]<\/p>\n","protected":false},"author":1,"featured_media":0,"comment_status":"closed","ping_status":"closed","sticky":false,"template":"","format":"standard","meta":{"footnotes":""},"categories":[2,3217,3223,83],"tags":[],"class_list":{"0":"post-13433","1":"post","2":"type-post","3":"status-publish","4":"format-standard","6":"category-business","7":"category-business-ca","8":"category-portugal-ca","9":"category-portugal"},"_links":{"self":[{"href":"https:\/\/thelatin.news\/ca\/wp-json\/wp\/v2\/posts\/13433","targetHints":{"allow":["GET"]}}],"collection":[{"href":"https:\/\/thelatin.news\/ca\/wp-json\/wp\/v2\/posts"}],"about":[{"href":"https:\/\/thelatin.news\/ca\/wp-json\/wp\/v2\/types\/post"}],"author":[{"embeddable":true,"href":"https:\/\/thelatin.news\/ca\/wp-json\/wp\/v2\/users\/1"}],"replies":[{"embeddable":true,"href":"https:\/\/thelatin.news\/ca\/wp-json\/wp\/v2\/comments?post=13433"}],"version-history":[{"count":0,"href":"https:\/\/thelatin.news\/ca\/wp-json\/wp\/v2\/posts\/13433\/revisions"}],"wp:attachment":[{"href":"https:\/\/thelatin.news\/ca\/wp-json\/wp\/v2\/media?parent=13433"}],"wp:term":[{"taxonomy":"category","embeddable":true,"href":"https:\/\/thelatin.news\/ca\/wp-json\/wp\/v2\/categories?post=13433"},{"taxonomy":"post_tag","embeddable":true,"href":"https:\/\/thelatin.news\/ca\/wp-json\/wp\/v2\/tags?post=13433"}],"curies":[{"name":"wp","href":"https:\/\/api.w.org\/{rel}","templated":true}]}}