{"id":11962,"date":"2024-07-04T14:50:09","date_gmt":"2024-07-04T14:50:09","guid":{"rendered":"https:\/\/thelatin.news\/ciutat-solidaria-fundacio-jubert-figueras\/"},"modified":"2024-07-04T14:50:09","modified_gmt":"2024-07-04T14:50:09","slug":"ciutat-solidaria-fundacio-jubert-figueras","status":"publish","type":"post","link":"https:\/\/thelatin.news\/ca\/ciutat-solidaria-fundacio-jubert-figueras\/","title":{"rendered":"Ciutat Solidaria: Fundaci\u00f3 Jubert Figueras"},"content":{"rendered":"<p> <br \/>\n<\/p>\n<div>\n<p class=\"articleParagraph\">La Fundaci\u00f3 Jubert Figueras neix el 2003 amb l&#8217;objectiu d&#8217;oferir allotjament a familiars de persones malaltes de fora de Barcelona per evitar el desgast f\u00edsic i mental que suposen els despla\u00e7aments diaris d&#8217;aquests per visitar el seu familiar malalt.<\/p>\n<p class=\"articleParagraph\">Tot comen\u00e7a amb la Paola Jubert, una metgessa de preventius en un hospital de Barcelona que un bon dia s&#8217;adona d&#8217;una situaci\u00f3 dura i injusta com \u00e9s la impossibilitat d&#8217;una familiar d&#8217;un pacient de quedar-se a dormir a Barcelona perqu\u00e8 no disposava d&#8217;alg\u00fa conegut per allotjar-se i no podia permetre&#8217;s ni una pensi\u00f3. Davant d&#8217;aquesta situaci\u00f3, la Paola decideix llogar un pis per cobrir&#8230;<\/p>\n<\/div>\n<p><br \/>\n<br \/><a href=\"https:\/\/amp.ondacero.es\/emisoras\/catalunya\/audios-podcast\/ciutat-solidaria\/ciutat-solidaria-fundacio-jubert-figueras_20240702668418ddab9b480001480838.html\">Font<\/a><\/p>\n","protected":false},"excerpt":{"rendered":"<p>La Fundaci\u00f3 Jubert Figueras neix el 2003 amb l&#8217;objectiu d&#8217;oferir allotjament a familiars de persones malaltes de fora de Barcelona per evitar el desgast f\u00edsic i mental que suposen els despla\u00e7aments diaris d&#8217;aquests per visitar el seu familiar malalt. Tot comen\u00e7a amb la Paola Jubert, una metgessa de preventius en un hospital de Barcelona que [&hellip;]<\/p>\n","protected":false},"author":1,"featured_media":0,"comment_status":"closed","ping_status":"closed","sticky":false,"template":"","format":"standard","meta":{"footnotes":""},"categories":[3219,81,7,3227],"tags":[],"class_list":{"0":"post-11962","1":"post","2":"type-post","3":"status-publish","4":"format-standard","6":"category-france-ca","7":"category-france","8":"category-technology","9":"category-technology-ca"},"_links":{"self":[{"href":"https:\/\/thelatin.news\/ca\/wp-json\/wp\/v2\/posts\/11962","targetHints":{"allow":["GET"]}}],"collection":[{"href":"https:\/\/thelatin.news\/ca\/wp-json\/wp\/v2\/posts"}],"about":[{"href":"https:\/\/thelatin.news\/ca\/wp-json\/wp\/v2\/types\/post"}],"author":[{"embeddable":true,"href":"https:\/\/thelatin.news\/ca\/wp-json\/wp\/v2\/users\/1"}],"replies":[{"embeddable":true,"href":"https:\/\/thelatin.news\/ca\/wp-json\/wp\/v2\/comments?post=11962"}],"version-history":[{"count":0,"href":"https:\/\/thelatin.news\/ca\/wp-json\/wp\/v2\/posts\/11962\/revisions"}],"wp:attachment":[{"href":"https:\/\/thelatin.news\/ca\/wp-json\/wp\/v2\/media?parent=11962"}],"wp:term":[{"taxonomy":"category","embeddable":true,"href":"https:\/\/thelatin.news\/ca\/wp-json\/wp\/v2\/categories?post=11962"},{"taxonomy":"post_tag","embeddable":true,"href":"https:\/\/thelatin.news\/ca\/wp-json\/wp\/v2\/tags?post=11962"}],"curies":[{"name":"wp","href":"https:\/\/api.w.org\/{rel}","templated":true}]}}